{"id":1316,"date":"2011-11-29T09:21:13","date_gmt":"2011-11-29T09:21:13","guid":{"rendered":"http:\/\/autori.altervista.org\/blog\/?p=191"},"modified":"2011-11-29T09:21:13","modified_gmt":"2011-11-29T09:21:13","slug":"io-venni-dal-mare-di-anna-greco","status":"publish","type":"post","link":"https:\/\/artetremila.it\/wordpress\/io-venni-dal-mare-di-anna-greco\/","title":{"rendered":"Io venni dal mare di Anna Greco"},"content":{"rendered":"<p>Io venni dal Mare<br \/>\ne mi sento un tutt&#8217;uno con esso,<br \/>\nvi ritorner\u00f2&#8230;<br \/>\nL\u00ec saremo tutti riuniti come Coscienza Unica,<br \/>\nma intanto vi verr\u00f2 a trovare,<br \/>\namici miei ancora in vita,<br \/>\ne vi parler\u00f2 con la sua voce<br \/>\ncarezzando i vostri piedi con l&#8217;onda,<br \/>\naffinch\u00e9 il vento, portandovi il mio bisbiglio<br \/>\ninsieme ad altri suoni,<br \/>\nnon vi confonda.<br \/>\nIo sono quella dal profondo canto\u2026<\/p>\n<p>&#8211; Anna Greco &#8211;<\/p>\n","protected":false},"excerpt":{"rendered":"<p>Io venni dal Mare e mi sento un tutt&#8217;uno con esso, vi ritorner\u00f2&#8230; L\u00ec saremo tutti riuniti come Coscienza Unica, ma intanto vi verr\u00f2 a trovare, amici miei ancora in vita, e vi parler\u00f2 con la sua voce carezzando i vostri piedi con l&#8217;onda, affinch\u00e9 il vento, portandovi il mio bisbiglio insieme ad altri suoni, non vi confonda. Io sono<\/p>\n","protected":false},"author":2,"featured_media":0,"comment_status":"open","ping_status":"open","sticky":false,"template":"","format":"standard","meta":{"ngg_post_thumbnail":0},"categories":[25],"tags":[],"_links":{"self":[{"href":"https:\/\/artetremila.it\/wordpress\/wp-json\/wp\/v2\/posts\/1316"}],"collection":[{"href":"https:\/\/artetremila.it\/wordpress\/wp-json\/wp\/v2\/posts"}],"about":[{"href":"https:\/\/artetremila.it\/wordpress\/wp-json\/wp\/v2\/types\/post"}],"author":[{"embeddable":true,"href":"https:\/\/artetremila.it\/wordpress\/wp-json\/wp\/v2\/users\/2"}],"replies":[{"embeddable":true,"href":"https:\/\/artetremila.it\/wordpress\/wp-json\/wp\/v2\/comments?post=1316"}],"version-history":[{"count":0,"href":"https:\/\/artetremila.it\/wordpress\/wp-json\/wp\/v2\/posts\/1316\/revisions"}],"wp:attachment":[{"href":"https:\/\/artetremila.it\/wordpress\/wp-json\/wp\/v2\/media?parent=1316"}],"wp:term":[{"taxonomy":"category","embeddable":true,"href":"https:\/\/artetremila.it\/wordpress\/wp-json\/wp\/v2\/categories?post=1316"},{"taxonomy":"post_tag","embeddable":true,"href":"https:\/\/artetremila.it\/wordpress\/wp-json\/wp\/v2\/tags?post=1316"}],"curies":[{"name":"wp","href":"https:\/\/api.w.org\/{rel}","templated":true}]}}