{"id":1808,"date":"2014-10-16T08:58:30","date_gmt":"2014-10-16T08:58:30","guid":{"rendered":"http:\/\/artetremila.altervista.org\/blog\/?p=1808"},"modified":"2014-10-16T08:58:30","modified_gmt":"2014-10-16T08:58:30","slug":"simposio-di-arte-contemporanea","status":"publish","type":"post","link":"https:\/\/artetremila.it\/wordpress\/simposio-di-arte-contemporanea\/","title":{"rendered":"Simposio D&#8217;Arte"},"content":{"rendered":"<p><strong>\u201cMuseo Ugo Guidi\u201d\u00a0<\/strong>e \u00a0<strong>&#8220;Amici del Museo Ugo Guidi &#8211;\u00a0Onlus&#8221;<\/strong><\/p>\n<p>presentano il SIMPOSIO DI ARTE CONTEMPORANEA<\/p>\n<p><strong>\u201c Oltre Lo Sguardo<\/strong><\/p>\n<p><strong>\u00a0Visioni e previsioni oniriche\u201d <\/strong><\/p>\n<p><strong>\u00a0<\/strong><strong>Incontro con l\u2019artista Marianna D\u2019Aulerio<\/strong><\/p>\n<p><strong>\u00a0<\/strong><strong>Collettiva di Artisti Abruzzesi\u00a0<\/strong><!--more--><\/p>\n<p><strong>Maria Pia De Meo, Ada Pianesi Villa, Enrico Cappuccilli, Luciano Astolfi, Alessia Pignatelli, Pasquale Lucchitti, Marco Cimorosi, Lucio Monaco, Roberto Di Giampaolo, Gino Berardi, Lino Alviani, Giuseppina Narducci, Stella Cilli, Rita Di Marcantonio, Concetta Daidone, Angela Di Teodoro, Romina Scipione, Carmine Gali\u00e8, Francesco Ciccolone, Massimo Di Febo, Roberta Papponetti, Concetta Iaccarino, Mario Buongrazio<\/strong><\/p>\n<p><strong>a cura di Massimo Pasqualone<\/strong><\/p>\n<p><strong>\u00a0<\/strong>TESTO CRITICO DI ANNARITA MELARAGNA<\/p>\n<p>Il\u00a0<strong>Museo Ugo Guidi<\/strong>\u00a0e gli Amici del Museo Ugo Guidi Onlus presentano il simposio d\u2019arte contemporanea <strong>\u201cOltre Lo Sguardo \u2013 Visioni e previsioni oniriche\u201d<\/strong>, incontro con l\u2019artista Marianna <strong>D\u2019Aulerio<\/strong> a cura di <strong>Massimo Pasqualone<\/strong> \u00a0con testo critico di Annarita <strong>Melaragna<\/strong> e collettiva degli artisti abruzzesi: Maria Pia <strong>De Meo<\/strong>, Ada <strong>Pianesi Villa<\/strong>, Enrico <strong>Cappuccilli<\/strong>, Luciano <strong>Astolfi<\/strong>, Alessia <strong>Pignatelli<\/strong>, Pasquale <strong>Lucchitti<\/strong>, Marco <strong>Cimorosi<\/strong>, Lucio <strong>Monaco<\/strong>, Roberto <strong>Di Giampaolo<\/strong>, Gino <strong>Berardi<\/strong>, Lino <strong>Alviani<\/strong>, Giuseppina <strong>Narducci<\/strong>, Stella <strong>Cilli<\/strong>, Rita <strong>Di Marcantonio<\/strong>, Concetta <strong>Daidone<\/strong>, Angela <strong>Di Teodoro<\/strong>, Romina <strong>Scipione<\/strong>, Carmine <strong>Gali\u00e8<\/strong>, Francesco <strong>Ciccolone<\/strong>, Massimo <strong>Di Febo<\/strong>, Roberta <strong>Papponetti<\/strong>, Concetta <strong>Iaccarino<\/strong> e Mario <strong>Buongrazio<\/strong>.<\/p>\n<p>La mostra realizzata nel \u201cMuseo Ugo Guidi\u201d \u2013 MUG &#8211; di Forte dei Marmi, via Civitali 33 e al\u00a0Logos Hotel, via Mazzini 153, sar\u00e0 inaugurata\u00a0<strong>domenica 19 ottobre alle ore\u00a017<\/strong>\u00a0 al Museo con presentazione del Prof. Massimo Pasqualone, con degustazione di prodotti tipici abruzzesi ad ingresso libero.<\/p>\n<p>L\u2019esposizione sar\u00e0 visitabile\u00a0successivamente <strong>fino al 12 novembre 2014 <\/strong>al Museo Ugo Guidi su appuntamento al 348020538\u00a0 o\u00a0\u00a0<a href=\"mailto:museougoguidi@gmail.com\">museougoguidi@gmail.com<\/a> . Al Logos Hotel sar\u00e0 possibile visitare una sezione della Mostra tutti i giorni dalle ore 10.00 alle ore 23.00.<\/p>\n<p>\u201cIl simposio propone l&#8217; incontro di alcuni tra i pi\u00f9 significativi artisti abruzzesi, uniti dalla comune capacit\u00e0 di andare&#8221; oltre lo sguardo&#8221;, con emozioni estroiettate sull&#8217; opera d&#8217;arte a mo&#8217; di visioni o previsioni oniriche. Sogni non di maniera, dunque, ma via verso la bellezza e la vita.\u201d<\/p>\n<p><strong>Massimo Pasqualone<\/strong><\/p>\n<p>Il Reale nell&#8217;Irreale<\/p>\n<p>\u201cViviamo in una societ\u00e0 dove l\u2019arrivismo o l\u2019essere uguale per posizione, per aspetto e per qualit\u00e0 \u00e8 divenuto<\/p>\n<p>dogma, si ricerca quel qualcosa che ha l\u2019altro, che erroneamente porta a dire sar\u00f2 cos\u00ec . Il sogno \u00e8 quel qualcosa che ci accomuna e che tutti indistintamente hanno, quella realt\u00e0 parallela non fisica ma metafisica, non conscia ma inconscia, \u00e8 nel Sogno o nella cosiddetta realt\u00e0 onirica dove tutto pu\u00f2 accadere. Si \u00e8 immersi in un parallelismo della durata di un risveglio, in assenza di spazio e tempo, concetti prettamente umani che limitano l\u2019espressione, \u00e8 nel sogno che tutto ci\u00f2 di apparentemente reale viene vissuto intensamente e a pieno senza filtri, dove i sentimenti le emozioni viaggiano libere di esprimersi e di raccontarsi.<\/p>\n<p>Nel Sogno \u00e8 racchiuso quell&#8217;attimo solo tuo, che resta celato al mondo finch\u00e9 non decidi di condividerlo con esso, nello sguardo che resta un dono per chi conosce la potenza di tale strumento si racchiude il mistero dell&#8217;essere umano, quanto di pi\u00f9 prezioso e vero si agita in lui, una luce. Tutto pu\u00f2 essere guardato ma troppo poco osservato nell&#8217;attenzione e nell&#8217;ascolto di ci\u00f2 che l&#8217;opera ti racconta in un misterioso silenzio, dove soavi fluttuano vissuti dalle melodiche voci di sirene ammalianti o dalle a volte struggenti grida. Perdersi in un viaggio e ritrovarsi nell&#8217;attimo stesso in cui lo sguardo sposta la sua attenzione, non sono gli occhi che ci permettono di guardare, ma la descrizione attenta e minuziosa dei particolari fatta al nostro animo, di cui fautore il cuore, che la render\u00e0 forte e vera.<\/p>\n<p>Il sogno, a volte, ci scuote nel profondo, a volte ci regala momenti indimenticabili , a volte come per fato accade.<\/p>\n<p>Per quanto ad alcuni paradossale, in esso \u00e8 racchiuso il segreto del superamento di una paura, l\u2019elaborazione di un vissuto di un trauma apparentemente non impossibile da sostenere nel quotidiano. Ogni uomo si lascia affascinare da ci\u00f2 che di misterioso incompreso e impalpabile ci racconta; instancabile Protagonista in ogni istante che decidiamo di staccarci dalla realt\u00e0, ad occhi aperti o chiusi cosa importa \u00e8 ci\u00f2 che riusciamo a vedere, che ci fa viaggiare lontano. Pu\u00f2 inaridirsi solo se temiamo noi stessi e la meraviglia del nostro animo.<\/p>\n<p>Stupefacente la sua capacit\u00e0 di essere sempre attuale o contemporaneo, nel riadattarsi a nuove atmosfere, esiste nella maniera in cui impariamo a leggere fra le righe e comprendiamo il messaggio nella forma in cui ci si presenta e si offre a noi.<\/p>\n<p>Quando lo si racconta con immagini, colori, materia, e giochi di superfici in esso c\u2019\u00e8 la condivisione involontaria di un\u2019emozione, la compartecipazione dell\u2019altro al proprio vissuto, nell\u2019opera traspare il coraggio dell\u2019autore di mettersi a nudo, di rendere noto ad ignoti un frangente se pur empirico di una vita intangibile ma vera nel provato purch\u00e9 breve.<\/p>\n<p>Non ritengo corretto paragonare o citare autori di spessore nel rispetto di chi vuol raccontare la sua storia, con tali tematiche ogni Opera si anima e troneggia sull\u2019altra, ogni racconto ti prende ti avvolge e ti lascia senza respiro, con la violenza stessa con cui ti cattura. Il sogno, quella magia che riesce a staccarti dal vero lasciandoti volare, regalando vedute diverse dello stesso panorama, la Vita.<\/p>\n<p>La sua forza resta nell\u2019attimo, non definibile della sua durata, ha un inizio e una fine, che se pur segnata dal<\/p>\n<p>risveglio, non hai la certezza effettiva che non si ripresenti a te inaspettatamente.<\/p>\n<p>Cosi come il grande Modigliani, invito ogni lettore di queste umili righe e altres\u00ec ogni singolo artista a esercitare un dovere: quello di salvare i propri sogni&#8230;<\/p>\n<p>Dalle setole rivestite di pigmento nasce il concreto di un intimo momento.\u201d<\/p>\n<p>&nbsp;<\/p>\n<p><strong>Annarita Melaragna<\/strong><\/p>\n<p>&nbsp;<\/p>\n<p>Il\u00a0<strong>MUG<\/strong>\u00a0ha il sostegno di\u00a0<em>Logos Hotel<\/em>\u00a0e la partecipazione della\u00a0<em>Banca Credito Cooperativo Versilia, Lunigiana e Garfagnana<\/em>, del\u00a0<em>Parco delle Apuane<\/em>, di\u00a0<em>Italia Nostra<\/em>\u00a0sez. Massa-Montignoso, del\u00a0<em>Piccolo Teatro della Versilia<\/em>\u00a0e della <em>Fondazione Peccioliper.\u00a0<\/em>Con l\u2019adesione del\u00a0<em>Comune di Forte dei Marmi<\/em>, dell<em>\u2019Unione Europea<\/em>, dell\u2019<em>International Council Of Museums<\/em>,\u00a0<em>Regione Toscana<\/em>,\u00a0<em>Toscana Musei<\/em>,\u00a0<em>Edumusei<\/em>,\u00a0<em>Provincia di Lucca<\/em>,\u00a0<em>Sistema Museale della Provincia di\u00a0 Lucca<\/em>, <em>Istituto Confucio della Scuola Superiore Sant&#8217;Anna di Pisa<\/em>,\u00a0<em>APT Versilia<\/em>,\u00a0<em>Fondazione R. Del Bianco<\/em>.<\/p>\n<p><strong>Memoria fotografica<\/strong>\u00a0della mostra a cura di\u00a0<em>Antonio Raffaelli<\/em>,<em>\u00a0<\/em>presidente Ass. Versiliese Audiovisivi Didattici.<\/p>\n<p><strong>Soci FAI, Italia Nostra e TCI<\/strong>: Sconto 20 % su pubblicazioni e bookshop.<\/p>\n<p><strong>Partner Speciale<\/strong>:\u00a0<em>La Capannina di Franceschi<\/em>\u00a0con lo\u00a0<em>\u201c Spazio Museo Ugo Guidi \/ MUG Space\u201d.<\/em><\/p>\n<p><strong>Partner<\/strong>:\u00a0 <em>Gli Otto Venti di Pistoia<\/em>, <em>Citt\u00e0 Infinite<\/em>,\u00a0 <em>Polo Istruzione Professionale \u201cE.Barsanti\u201d Massa e Carrara<\/em>, \u00a0<em>Historia vbc di Ferrara<\/em>,\u00a0<em>Liceo Artistico \u201cS.Stagi<\/em>\u201d,\u00a0<em>Comitato Archivio Artistico Documentario Gierut<\/em>,\u00a0\u00a0<em>Acomus International<\/em>,\u00a0<em>Galatea Versilia, Club Unesco \u201cCarrara dei Marmi\u201d<\/em>.<\/p>\n<p><strong>Media Partner<\/strong>:\u00a0<em>QN LA NAZIONE<\/em>,\u00a0<em>Forte 100 Magazine<\/em>,\u00a0<em>Arte in Toscana<\/em>, <em>In Punta di Penna blog,<\/em>\u00a0<em>BestVersilia.com<\/em>,\u00a0<em>Life Beyond Tourism<\/em>,\u00a0<em>La Parentesi della Scrittura<\/em>,\u00a0<em>Reality Magazine<\/em>.<\/p>\n<p><strong>Come raggiungere il museo<\/strong>: All\u2019uscita dell\u2019Autostrada Versilia, direzione Forte dei Marmi, seguire i cartelli rettangolari marroni che indicano il museo. Sul viale a mare di Forte dei Marmi venendo da Viareggio: oltre il pontile del Forte superare tre semafori, poi il cartello a destra indica il museo; da Massa: entrati in Forte dei Marmi dopo il primo semaforo la prima strada sulla sinistra \u00e8 Via Civitali. Col <strong>GPS<\/strong>:\u00a0\u00a0\u00a0 LAT:43.972477 N &#8211; LON:10.154887 E<\/p>\n<p><strong>Info<\/strong>:\u00a0<a href=\"mailto:museougoguidi@gmail.com\">museougoguidi@gmail.com<\/a>\u00a0\/ 0585 348510 \/ 3483020538\u00a0<a href=\"http:\/\/www.ugoguidi.it\/\">www.ugoguidi.it<\/a><\/p>\n<p><strong>Ufficio\u00a0 Stampa<\/strong>:\u00a0 Associazione \u201cAmici del Museo Ugo Guidi onlus\u201d &#8211; Info: 348-3020538 \u2013 0585-348510.<br \/>\n<strong>MUSEO UGO GUIDI &#8211; MUG<\/strong><br \/>\nVia M. Civitali 33<br \/>\nForte dei Marmi<br \/>\ntel. 348-3020538<br \/>\n<a href=\"mailto:museougoguidi@gmail.com\">museougoguidi@gmail.com<\/a>\u00a0 <a href=\"http:\/\/www.ugoguidi.it\">www.ugoguidi.it<\/a><\/p>\n","protected":false},"excerpt":{"rendered":"<p>\u201cMuseo Ugo Guidi\u201d\u00a0e \u00a0&#8220;Amici del Museo Ugo Guidi &#8211;\u00a0Onlus&#8221; presentano il SIMPOSIO DI ARTE CONTEMPORANEA \u201c Oltre Lo Sguardo \u00a0Visioni e previsioni oniriche\u201d \u00a0Incontro con l\u2019artista Marianna D\u2019Aulerio \u00a0Collettiva di Artisti Abruzzesi\u00a0<\/p>\n","protected":false},"author":2,"featured_media":1862,"comment_status":"closed","ping_status":"open","sticky":false,"template":"","format":"standard","meta":{"ngg_post_thumbnail":0},"categories":[19],"tags":[],"_links":{"self":[{"href":"https:\/\/artetremila.it\/wordpress\/wp-json\/wp\/v2\/posts\/1808"}],"collection":[{"href":"https:\/\/artetremila.it\/wordpress\/wp-json\/wp\/v2\/posts"}],"about":[{"href":"https:\/\/artetremila.it\/wordpress\/wp-json\/wp\/v2\/types\/post"}],"author":[{"embeddable":true,"href":"https:\/\/artetremila.it\/wordpress\/wp-json\/wp\/v2\/users\/2"}],"replies":[{"embeddable":true,"href":"https:\/\/artetremila.it\/wordpress\/wp-json\/wp\/v2\/comments?post=1808"}],"version-history":[{"count":0,"href":"https:\/\/artetremila.it\/wordpress\/wp-json\/wp\/v2\/posts\/1808\/revisions"}],"wp:featuredmedia":[{"embeddable":true,"href":"https:\/\/artetremila.it\/wordpress\/wp-json\/wp\/v2\/media\/1862"}],"wp:attachment":[{"href":"https:\/\/artetremila.it\/wordpress\/wp-json\/wp\/v2\/media?parent=1808"}],"wp:term":[{"taxonomy":"category","embeddable":true,"href":"https:\/\/artetremila.it\/wordpress\/wp-json\/wp\/v2\/categories?post=1808"},{"taxonomy":"post_tag","embeddable":true,"href":"https:\/\/artetremila.it\/wordpress\/wp-json\/wp\/v2\/tags?post=1808"}],"curies":[{"name":"wp","href":"https:\/\/api.w.org\/{rel}","templated":true}]}}