{"id":1988,"date":"2014-11-11T16:42:32","date_gmt":"2014-11-11T16:42:32","guid":{"rendered":"http:\/\/artetremila.it\/blog\/?p=1988"},"modified":"2014-11-11T16:42:32","modified_gmt":"2014-11-11T16:42:32","slug":"triennale-di-roma-e-fiera-di-stoccarda","status":"publish","type":"post","link":"https:\/\/artetremila.it\/wordpress\/triennale-di-roma-e-fiera-di-stoccarda\/","title":{"rendered":"Triennale di Roma e Fiera di Stoccarda"},"content":{"rendered":"<div dir=\"ltr\">\n<div class=\"gmail_quote\">\n<div dir=\"ltr\">\u00a0L&#8217;artista veronese Giuliana Maddalena Fusari \u00e8 uno dei 145 artisti della ESPOSIZIONE TRIENNALE di Arti Visive di ROMA 2014,<\/div>\n<div dir=\"ltr\"><\/div>\n<div dir=\"ltr\"><a href=\"http:\/\/artetremila.it\/blog\/wp-content\/uploads\/2014\/11\/DSCN0002.jpg\"><img decoding=\"async\" loading=\"lazy\" class=\"alignnone wp-image-1990\" src=\"http:\/\/artetremila.it\/blog\/wp-content\/uploads\/2014\/11\/DSCN0002-300x240.jpg\" alt=\"DSCN0002\" width=\"160\" height=\"128\" data-id=\"1990\" srcset=\"https:\/\/artetremila.it\/wordpress\/wp-content\/uploads\/2014\/11\/DSCN0002-300x240.jpg 300w, https:\/\/artetremila.it\/wordpress\/wp-content\/uploads\/2014\/11\/DSCN0002-768x614.jpg 768w, https:\/\/artetremila.it\/wordpress\/wp-content\/uploads\/2014\/11\/DSCN0002-1024x819.jpg 1024w, https:\/\/artetremila.it\/wordpress\/wp-content\/uploads\/2014\/11\/DSCN0002.jpg 1280w\" sizes=\"(max-width: 160px) 100vw, 160px\" \/><\/a><\/div>\n<div dir=\"ltr\"><\/div>\n<div dir=\"ltr\">GRAN FINALE,organizzazione Associazione Rosa dei Venti,Direttore Daniele Radini Tedeschi,con la partecipazione di Philippe Daverio.<\/p>\n<div>Con il Patrocinio di Roma Capitale,Provincia di Roma,Regione Lazio.<\/div>\n<div>Dal 21 novembre al 3 dicembre.Cerimonia Ufficiale di Inaugurazione il 21 novembre ore 18 \/ 20.<\/div>\n<div><\/div>\n<div>Ingresso gratuito,luned\u00ec chiuso,da Marted\u00ec a Domenica dalle 11 alle 18.<\/div>\n<div>Le sedi sono 3<\/div>\n<div><\/div>\n<div>Biblioteca Nazionale di Castro Pretorio<\/div>\n<div>Chiostro del Bramante<\/div>\n<div>Galleria d&#8217;Arte Maggiore.<\/div>\n<div>Giuliana MM Fusari appartiene al gruppo dell&#8217;Estetica del Paradiso, Last Paradise, ed esporr\u00e0 &#8220;Paradiso Boreale&#8221;<\/div>\n<div>acrilici su raso bianco, 2014<\/div>\n<div>nella sede del Chiostro del Bramante in Via Arco della Pace 5.<\/div>\n<div>La Mondadori pubblicher\u00e0 un Catalogo che sar\u00e0 in vendita nelle migliori librerie d&#8217;Italia e verr\u00e0 presentato come libro strenna di Natale in data 19 dicembre alle ore 16 nella Sala Conferenze della Biblioteca Nazionale di Castro Pretorio,in Viale Castro Pretorio 105 a Roma.<\/div>\n<div><a title=\"blocked::http:\/\/chiostrodelbramante.it\/info\/sala_delle_capriate_last_paradise\/\" href=\"http:\/\/chiostrodelbramante.it\/info\/sala_delle_capriate_last_paradise\/\" target=\"_blank\">http:\/\/chiostrodelbramante.it\/info\/sala_delle_capriate_last_paradise\/<\/a><\/div>\n<div><a title=\"blocked::http:\/\/www.esposizionetriennale.it\/\" href=\"http:\/\/www.esposizionetriennale.it\" target=\"_blank\">www.esposizionetriennale.it<\/a><\/div>\n<div><\/div>\n<div>Giuliana MM Fusari partecipa anche alla Fiera di Stoccarda,in Germania<\/div>\n<div>&#8220;MESSE STUTTGART&#8221;,una delle Fiere d&#8217;Arte pi\u00f9 importanti d&#8217;Europa,nella meravigliosa e futuristica sede espositiva del International Congress Center di Stoccarda,in Messepiazza 1.<\/div>\n<div><a title=\"blocked::http:\/\/www.museomiit.it\/\" href=\"http:\/\/www.museomiit.it\" target=\"_blank\">www.museomiit.it<\/a><\/div>\n<div><a title=\"blocked::http:\/\/www.italiaarte.it\/\" href=\"http:\/\/www.italiaarte.it\" target=\"_blank\">www.italiaarte.it<\/a><\/div>\n<div><\/div>\n<div>Continua la mostra a Vienna all&#8217;Istituto \u00a0Italiano di Cultura,fino al 14 novembre.<\/div>\n<\/div>\n<\/div>\n<\/div>\n<p><!--more--><\/p>\n<p><!--more--><\/p>\n<p><!--more--><\/p>\n","protected":false},"excerpt":{"rendered":"<p>\u00a0L&#8217;artista veronese Giuliana Maddalena Fusari \u00e8 uno dei 145 artisti della ESPOSIZIONE TRIENNALE di Arti Visive di ROMA 2014, GRAN FINALE,organizzazione Associazione Rosa dei Venti,Direttore Daniele Radini Tedeschi,con la partecipazione di Philippe Daverio. Con il Patrocinio di Roma Capitale,Provincia di Roma,Regione Lazio. Dal 21 novembre al 3 dicembre.Cerimonia Ufficiale di Inaugurazione il 21 novembre ore 18 \/ 20. Ingresso gratuito,luned\u00ec<\/p>\n","protected":false},"author":2,"featured_media":1990,"comment_status":"closed","ping_status":"open","sticky":false,"template":"","format":"standard","meta":{"ngg_post_thumbnail":0},"categories":[19],"tags":[],"_links":{"self":[{"href":"https:\/\/artetremila.it\/wordpress\/wp-json\/wp\/v2\/posts\/1988"}],"collection":[{"href":"https:\/\/artetremila.it\/wordpress\/wp-json\/wp\/v2\/posts"}],"about":[{"href":"https:\/\/artetremila.it\/wordpress\/wp-json\/wp\/v2\/types\/post"}],"author":[{"embeddable":true,"href":"https:\/\/artetremila.it\/wordpress\/wp-json\/wp\/v2\/users\/2"}],"replies":[{"embeddable":true,"href":"https:\/\/artetremila.it\/wordpress\/wp-json\/wp\/v2\/comments?post=1988"}],"version-history":[{"count":0,"href":"https:\/\/artetremila.it\/wordpress\/wp-json\/wp\/v2\/posts\/1988\/revisions"}],"wp:featuredmedia":[{"embeddable":true,"href":"https:\/\/artetremila.it\/wordpress\/wp-json\/wp\/v2\/media\/1990"}],"wp:attachment":[{"href":"https:\/\/artetremila.it\/wordpress\/wp-json\/wp\/v2\/media?parent=1988"}],"wp:term":[{"taxonomy":"category","embeddable":true,"href":"https:\/\/artetremila.it\/wordpress\/wp-json\/wp\/v2\/categories?post=1988"},{"taxonomy":"post_tag","embeddable":true,"href":"https:\/\/artetremila.it\/wordpress\/wp-json\/wp\/v2\/tags?post=1988"}],"curies":[{"name":"wp","href":"https:\/\/api.w.org\/{rel}","templated":true}]}}