{"id":2159,"date":"2015-01-13T10:37:21","date_gmt":"2015-01-13T10:37:21","guid":{"rendered":"http:\/\/artetremila.it\/blog\/?p=2159"},"modified":"2015-01-13T10:37:21","modified_gmt":"2015-01-13T10:37:21","slug":"mutevole-struttura","status":"publish","type":"post","link":"https:\/\/artetremila.it\/wordpress\/mutevole-struttura\/","title":{"rendered":"Mutevole struttura"},"content":{"rendered":"<p><strong>MOSTRA: \u00a0 \u00a0 \u00a0<em>Mutevole Struttura \u00a0<\/em><\/strong><\/p>\n<p><strong>INAUGURAZIONE: \u00a0 \u00a0 \u00a0 \u00a0\u00a0<em>sabato 17\u00a0 gennaio 2015\u00a0\u00a0 ore 18.00<\/em><\/strong><strong><em>\u00a0<\/em><\/strong><\/p>\n<p><strong><em>FINISSAGE: \u00a0 \u00a0 \u00a0 \u00a0 \u00a0 14 marzo 2015<\/em><\/strong><!--more--><\/p>\n<p>&nbsp;<\/p>\n<p><strong><em>Emanuela Fiorelli \u00a0 \u00a0 \u00a0 \u00a0 \u00a0 \u00a0 \u00a0 \u00a0 \u00a0 \u00a0 \u00a0 \u00a0 \u00a0 \u00a0 \u00a0 \u00a0 \u00a0 \u00a0 \u00a0 \u00a0Paolo Radi<\/em><\/strong><\/p>\n<p><a href=\"http:\/\/artetremila.it\/blog\/wp-content\/uploads\/2015\/01\/EmanuelaFiorelli50x50x14-2014.jpg\"><img decoding=\"async\" loading=\"lazy\" class=\"alignnone  wp-image-2162\" src=\"http:\/\/artetremila.it\/blog\/wp-content\/uploads\/2015\/01\/EmanuelaFiorelli50x50x14-2014-235x300.jpg\" alt=\"EmanuelaFiorelli50x50x14 2014\" width=\"149\" height=\"189\" data-id=\"2162\" \/><\/a>\u00a0 \u00a0 \u00a0 \u00a0 \u00a0 \u00a0 \u00a0 \u00a0 \u00a0 \u00a0 \u00a0 \u00a0\u00a0<a href=\"http:\/\/artetremila.it\/blog\/wp-content\/uploads\/2015\/01\/PaoloRadi-Ecodentrocm_115X80.jpg\"><img decoding=\"async\" loading=\"lazy\" class=\"alignnone  wp-image-2163\" src=\"http:\/\/artetremila.it\/blog\/wp-content\/uploads\/2015\/01\/PaoloRadi-Ecodentrocm_115X80-207x300.jpg\" alt=\"PaoloRadi Ecodentrocm_115X80\" width=\"131\" height=\"190\" data-id=\"2163\" srcset=\"https:\/\/artetremila.it\/wordpress\/wp-content\/uploads\/2015\/01\/PaoloRadi-Ecodentrocm_115X80-207x300.jpg 207w, https:\/\/artetremila.it\/wordpress\/wp-content\/uploads\/2015\/01\/PaoloRadi-Ecodentrocm_115X80-768x1112.jpg 768w, https:\/\/artetremila.it\/wordpress\/wp-content\/uploads\/2015\/01\/PaoloRadi-Ecodentrocm_115X80-708x1024.jpg 708w, https:\/\/artetremila.it\/wordpress\/wp-content\/uploads\/2015\/01\/PaoloRadi-Ecodentrocm_115X80.jpg 816w\" sizes=\"(max-width: 131px) 100vw, 131px\" \/><\/a><\/p>\n<p><strong>\u00a0<\/strong><\/p>\n<p><strong><em>\u00a0<\/em><\/strong><strong><em>CATALOGO<\/em><\/strong><strong><em>: \u00a0\u00a0\u00a0\u00a0\u00a0\u00a0\u00a0\u00a0\u00a0\u00a0\u00a0\u00a0\u00a0\u00a0\u00a0\u00a0\u00a0\u00a0\u00a0\u00a0\u00a0\u00a0\u00a0\u00a0\u00a0\u00a0antologia critica con testi di Enrico Crispolti, Valerio Deh\u00f2, Michele\u00a0\u00a0\u00a0\u00a0\u00a0\u00a0\u00a0\u00a0\u00a0\u00a0\u00a0\u00a0\u00a0\u00a0\u00a0\u00a0\u00a0\u00a0\u00a0\u00a0\u00a0\u00a0\u00a0\u00a0\u00a0\u00a0\u00a0\u00a0\u00a0\u00a0\u00a0 \u00a0\u00a0\u00a0Emmer, Marco Meneguzzo.<\/em><\/strong><\/p>\n<p><strong>\u00a0<\/strong><strong>ORARIO DI APERTURA: \u00a0<em>dal marted\u00ec al sabato\u00a0 dalle 10.00 alle 12.30 e dalle 15.30\u00a0 alle 19.30.<\/em><\/strong><\/p>\n<p><strong><em>\u00a0\u00a0\u00a0\u00a0\u00a0\u00a0\u00a0\u00a0\u00a0\u00a0\u00a0\u00a0\u00a0\u00a0 \u00a0\u00a0\u00a0\u00a0\u00a0\u00a0\u00a0\u00a0\u00a0\u00a0\u00a0\u00a0\u00a0\u00a0\u00a0\u00a0\u00a0\u00a0\u00a0\u00a0\u00a0\u00a0\u00a0\u00a0\u00a0\u00a0\u00a0\u00a0\u00a0\u00a0\u00a0\u00a0\u00a0Chiuso luned\u00ec e festivi.<\/em><\/strong><\/p>\n<p>&nbsp;<\/p>\n<p>La Galleria Spazia inaugurer\u00e0 il nuovo anno con la \u201cdoppia personale\u201d degli artisti Emanuela Fiorelli \u2013 Paolo Radi a soli due anni di distanza dalla loro ultima mostra insieme al Centro Culturale Wasi di Lima in Peru\u2019.<\/p>\n<p>La mostra propone una importante serie di opere del loro recente percorso artistico, che si \u201cincontra e si scontra\u201d\u00a0 sulla superficie.<\/p>\n<p><em>\u00a0<\/em><\/p>\n<p><em>Radi \u00e8 quello dell\u2019apparizione, dell\u2019affioramento, Fiorelli quella della struttura e della costruzione.<\/em><\/p>\n<p><em>Fiorelli \u00e8 razionale, Radi sensibilista.<\/em><\/p>\n<p><em>In Fiorelli e in Radi il mondo \u00e8 suddiviso dalla superficie, quasi si fossero divisi l\u2019ambito del visibile in modo da non darsi mai fastidio e da essere felici: \u00e8 chiaro poi che questa divisione del mondo non \u00e8 stata una decisione, ma una semplice constatazione, un risultato di fatto, ma non \u00e8 criticamente indifferente (per tutto ci\u00f2 che si \u00e8 detto sulla contestualizzazione delle opere) che una coppia nella vita si trovi a condividere uno stesso mondo linguistico, ma al contempo si limiti \u2013 per cos\u00ec dire \u2013 a un luogo che non sar\u00e0 mai \u2013 o che per lo meno non \u00e8 mai stato sinora \u2013 il luogo dell\u2019altro, pur essendo il luogo fondamentale per chi affronta il loro tipo di ricerca estetica.<\/em><\/p>\n<p><strong>\u00a0<\/strong><\/p>\n<p><strong><em>Galleria Spazia<\/em><\/strong><\/p>\n<p><strong><em>Via dell\u2019Inferno, 5<\/em><\/strong><\/p>\n<p><strong><em>40126- Bologna<\/em><\/strong><\/p>\n","protected":false},"excerpt":{"rendered":"<p>MOSTRA: \u00a0 \u00a0 \u00a0Mutevole Struttura \u00a0 INAUGURAZIONE: \u00a0 \u00a0 \u00a0 \u00a0\u00a0sabato 17\u00a0 gennaio 2015\u00a0\u00a0 ore 18.00\u00a0 FINISSAGE: \u00a0 \u00a0 \u00a0 \u00a0 \u00a0 14 marzo 2015<\/p>\n","protected":false},"author":2,"featured_media":2162,"comment_status":"closed","ping_status":"open","sticky":false,"template":"","format":"standard","meta":{"ngg_post_thumbnail":0},"categories":[19,24],"tags":[],"_links":{"self":[{"href":"https:\/\/artetremila.it\/wordpress\/wp-json\/wp\/v2\/posts\/2159"}],"collection":[{"href":"https:\/\/artetremila.it\/wordpress\/wp-json\/wp\/v2\/posts"}],"about":[{"href":"https:\/\/artetremila.it\/wordpress\/wp-json\/wp\/v2\/types\/post"}],"author":[{"embeddable":true,"href":"https:\/\/artetremila.it\/wordpress\/wp-json\/wp\/v2\/users\/2"}],"replies":[{"embeddable":true,"href":"https:\/\/artetremila.it\/wordpress\/wp-json\/wp\/v2\/comments?post=2159"}],"version-history":[{"count":0,"href":"https:\/\/artetremila.it\/wordpress\/wp-json\/wp\/v2\/posts\/2159\/revisions"}],"wp:featuredmedia":[{"embeddable":true,"href":"https:\/\/artetremila.it\/wordpress\/wp-json\/wp\/v2\/media\/2162"}],"wp:attachment":[{"href":"https:\/\/artetremila.it\/wordpress\/wp-json\/wp\/v2\/media?parent=2159"}],"wp:term":[{"taxonomy":"category","embeddable":true,"href":"https:\/\/artetremila.it\/wordpress\/wp-json\/wp\/v2\/categories?post=2159"},{"taxonomy":"post_tag","embeddable":true,"href":"https:\/\/artetremila.it\/wordpress\/wp-json\/wp\/v2\/tags?post=2159"}],"curies":[{"name":"wp","href":"https:\/\/api.w.org\/{rel}","templated":true}]}}