{"id":2371,"date":"2015-03-23T09:09:39","date_gmt":"2015-03-23T09:09:39","guid":{"rendered":"http:\/\/artetremila.it\/blog\/?p=2371"},"modified":"2015-03-23T09:09:39","modified_gmt":"2015-03-23T09:09:39","slug":"libri-al-centro","status":"publish","type":"post","link":"https:\/\/artetremila.it\/wordpress\/libri-al-centro\/","title":{"rendered":"Libri al centro"},"content":{"rendered":"<p><strong>SI AVVICINA IL BIS DI \u201cLIBRI AL CENTRO\u201d<\/strong><\/p>\n<p><strong>PER STARE ANCORA IN MEZZO ALLA FOLLA<\/strong><\/p>\n<p><strong>\u00a0<\/strong><\/p>\n<p><strong><em>Dal 13 al 19 aprile a Cinecitt\u00e0due la seconda edizione dell\u2019unico festival di una settimana intera <\/em><\/strong><\/p>\n<p><strong><em>in un centro commerciale. Diretto da Ippolito con gli scrittori di grande richiamo di narrativa e saggistica. <\/em><\/strong><\/p>\n<p><strong><em>Apre Iacona, poi Almerighi, Boncinelli, Carandini, Casadio, Damilano, De Cataldo, Gazzola, Giorgione, <\/em><\/strong><\/p>\n<p><strong><em>Koch, Latella, Lillo, Marcellini, Marone, Marzano, Nisini, Presta, Pruzzo, Terranova e Vergassola.<\/em><\/strong><!--more--><\/p>\n<p><strong><em>\u00a0<\/em><\/strong><\/p>\n<p>Roma, 23 marzo 2015 &#8211; \u00c8 il momento del bis. La seconda edizione di \u201cLibri al centro\u201d a Cinecitt\u00e0due si avvicina. L\u2019unico festival letterario che per una settimana intera si svolge in un centro commerciale (viale Palmiro Togliatti 2 Roma, metro A Subaugusta e Cinecitt\u00e0) torna da luned\u00ec 13 a domenica 19 aprile 2015. Forte dei risultati registrati lo scorso anno per affluenza di pubblico e interesse suscitato, ha l\u2019obiettivo di stare ancora in mezzo alla folla con gli autori pi\u00f9 prestigiosi.<\/p>\n<p>&nbsp;<\/p>\n<p>I nomi scelti dal direttore editoriale Roberto Ippolito sono infatti di grande richiamo, per la narrativa come per la saggistica. L\u2019apertura \u00e8 affidata a Riccardo Iacona, seguito da Mario Almerighi, Edoardo Boncinelli, Andrea Carandini, Giovanna Casadio, Marco Damilano, Giancarlo De Cataldo, Alessia Gazzola, Giorgione, Roberto Koch, Maria Latella, Marco Lillo, Susanna Marcellini, Lorenzo Marone, Michela Marzano, Giorgio Nisini, Marco Presta, Roberto Pruzzo, Nadia Terranova e Dario Vergassola. E in pi\u00f9 \u201cI tanti Pasolini\u201d, la mostra fotografica dell\u2019Archivio Riccardi, curata da Giovanni Currado e Maurizio Riccardi, concepita appositamente per \u201cLibri al centro\u201d a 40 anni dalla morte.<\/p>\n<p>&nbsp;<\/p>\n<p>L\u2019evento, organizzato da Cinecitt\u00e0due con la collaborazione delle Librerie Arion e di Espressamente Illy, non ha pari. L\u2019ambizione \u00e8 forte e Ippolito lo dice apertamente: \u201cPortare gli autori italiani pi\u00f9 importanti all\u2019interno di un centro commerciale per sette giorni di seguito a molti poteva sembrare una pazzia. Ma il successo ottenuto con la prima edizione ci ricorda, ammesso sia necessario, che scommettere sulla cultura non \u00e8 mai una pazzia. Tuttavia non ci basta. Quest\u2019anno vogliamo fare ancora di pi\u00f9, coinvolgendo ancora pi\u00f9 persone e continuando a valorizzare la vitalit\u00e0 della cultura italiana in un luogo sinonimo di vitalit\u00e0. A Cinecitt\u00e0due si viene per stare insieme e ricevere nuovi stimoli\u201d.<\/p>\n<p>&nbsp;<\/p>\n<p>La vitalit\u00e0 di cui parla il direttore editoriale si traduce in un programma ricchissimo, che spazia dai romanzi all\u2019attualit\u00e0 passando per la politica, l\u2019arte, la fotografia, lo sport, la cucina, con i libri pubblicati da Bur, Chiarelettere, Contrasto, Einaudi, Fazi, Feltrinelli, Gambero Rosso, Longanesi, Mondadori Electa, Rizzoli, Ultra e Utet. I diciotto incontri e la mostra si svolgono nella terrazza \u201cEspressamente Illy\u201d, al terzo livello, perfettamente integrata con tutti i negozi dei livelli inferiori e affacciata sulla \u201cpiazza\u201d del centro commerciale, pertanto un punto strategico che gode della massima visibilit\u00e0. Nei giorni del festival sono previste anche degustazioni\u00a0a cura dell\u2019Associazione Romana Sommelier.<\/p>\n<p>&nbsp;<\/p>\n<p>Osserva Marcello Ciccaglioni, presidente dell\u2019Associazione Commercianti di Cinecitt\u00e0due e del gruppo Arion: \u201cLa prima edizione di &#8216;Libri al centro&#8217; \u00e8 sembrata un miracolo, ma forse il vero miracolo \u00e8 continuare sulla stessa strada, cosa per nulla scontata. L\u2019impegno dei commercianti \u00e8 un segnale importante per la valorizzazione dei nostri talenti e delle risorse intellettuali\u201d.<\/p>\n<p>&nbsp;<\/p>\n<p>Sono infatti i negozianti a finanziare completamente il festival. Ma \u00e8 stretto il legame con le istituzioni. \u201cLibri al centro\u201d viene inaugurato alle 17.30 di luned\u00ec 13 aprile dall\u2019Assessore comunale alla cultura e al turismo, Giovanna Marinelli. La manifestazione si svolge con il patrocinio di Roma Capitale e delle Biblioteche di Roma. Inoltre l\u2019evento \u00e8 studiato dagli allievi del Master in Editoria, Giornalismo e Management Culturale della Sapienza accompagnati dalla coordinatrice didattica Maria Francesca Gagliardi.<\/p>\n<p>&nbsp;<\/p>\n<p>Questa rassegna letteraria ha una particolare rilevanza sociale per l\u2019occupazione, nel vero senso della parola, di un centro commerciale con la cultura. E anche per il fatto che Cinecitt\u00e0due si trova in un\u2019area di Roma ad alta densit\u00e0 abitativa, ma estranea alle grandi manifestazioni che privilegiano il centro storico. La promozione della lettura avviene pertanto con caratteristiche originali in un paese che ha visto scendere in Italia il numero dei lettori di almeno un libro in un anno dal 46% del 2012 al 41% del 2014, in base ai dati Istat. Insomma con il festival, davvero \u201cLibri al centro\u201d.<\/p>\n<p>&nbsp;<\/p>\n<p>Tanto che la rassegna, dal 13 al 19 aprile, condiziona completamente la vita del centro commerciale. Da prima dell\u2019inizio degli incontri, 18 in tutto, vengono sospesi gli annunci commerciali. Parlano gli scrittori! La struttura si \u00e8 gi\u00e0 distinta per la sua sensibilit\u00e0 nel promuovere attivit\u00e0 culturali, dall\u2019organizzazione di mostre d\u2019arte contemporanea alla recente iniziativa di solidariet\u00e0 \u201cCinecitt\u00e0due sostiene le famiglie in difficolt\u00e0\u201d. Ancora una volta quindi si conferma una realt\u00e0 dinamica, capace di dialogare con le istituzioni locali e di farsi voce delle esigenze dei cittadini e del territorio.<\/p>\n<p>&nbsp;<\/p>\n<p>Roberto Ippolito, direttore editoriale di \u201cLibri al centro\u201d, ha conosciuto un nuovo successo con \u201cAbusivi\u201d, pubblicato da Chiarelettere, dopo i bestseller \u201cIgnoranti\u201d (Chiarelettere), \u201cEvasori\u201d e \u201cIl Bel Paese maltrattato\u201d, entrambi editi da Bompiani. Giornalista, \u00e8 organizzatore culturale. Fra gli eventi ideati e diretti \u201cNel baule\u201d al Maxxi, a Roma. Ha curato a lungo l\u2019economia per il quotidiano \u201cLa Stampa\u201d. \u00c8 stato direttore della comunicazione della Confindustria e delle relazioni esterne della Luiss, dove ha anche insegnato alla Scuola superiore di giornalismo.<\/p>\n<p>&nbsp;<\/p>\n<p>&nbsp;<\/p>\n<p><strong>Libri al centro<\/strong><\/p>\n<p><a href=\"http:\/\/www.librialcentro.com\">www.librialcentro.com<\/a><\/p>\n<p><a href=\"http:\/\/www.facebook\/librialcentro\">www.facebook\/librialcentro<\/a><\/p>\n<p>@Librialcentro<\/p>\n<p><strong>\u00a0<\/strong><\/p>\n<p><strong>Da luned\u00ed 13 a domenica 19 aprile 2015<\/strong><\/p>\n<p>Con la collaborazione di <strong>Librerie Arion<\/strong> e <strong>Espressamente Illy<\/strong><\/p>\n<p>Patrocinio dell\u2019<strong>Assessorato Cultura e Turismo <\/strong>e di <strong>Biblioteche di Roma<\/strong><\/p>\n<p>Evento studiato dal <strong>Master Editoria, Giornalismo e Management culturale dell<\/strong><strong>&#8216;<\/strong><strong>Universit\u00e0 La Sapienza<\/strong><\/p>\n<p>&nbsp;<\/p>\n<p><strong>Centro commerciale Cinecitt\u00e0due<\/strong><\/p>\n<p>Viale Palmiro Togliatti 2, Roma<\/p>\n<p>Metro A fermata Subaugusta e Cinecitt\u00e0<\/p>\n<p><strong>\u00a0<\/strong><\/p>\n<p><strong>Direttore editoriale: <\/strong>Roberto Ippolito<\/p>\n","protected":false},"excerpt":{"rendered":"<p>SI AVVICINA IL BIS DI \u201cLIBRI AL CENTRO\u201d PER STARE ANCORA IN MEZZO ALLA FOLLA \u00a0 Dal 13 al 19 aprile a Cinecitt\u00e0due la seconda edizione dell\u2019unico festival di una settimana intera in un centro commerciale. Diretto da Ippolito con gli scrittori di grande richiamo di narrativa e saggistica. Apre Iacona, poi Almerighi, Boncinelli, Carandini, Casadio, Damilano, De Cataldo, Gazzola,<\/p>\n","protected":false},"author":2,"featured_media":2373,"comment_status":"closed","ping_status":"open","sticky":false,"template":"","format":"standard","meta":{"ngg_post_thumbnail":0},"categories":[16],"tags":[],"_links":{"self":[{"href":"https:\/\/artetremila.it\/wordpress\/wp-json\/wp\/v2\/posts\/2371"}],"collection":[{"href":"https:\/\/artetremila.it\/wordpress\/wp-json\/wp\/v2\/posts"}],"about":[{"href":"https:\/\/artetremila.it\/wordpress\/wp-json\/wp\/v2\/types\/post"}],"author":[{"embeddable":true,"href":"https:\/\/artetremila.it\/wordpress\/wp-json\/wp\/v2\/users\/2"}],"replies":[{"embeddable":true,"href":"https:\/\/artetremila.it\/wordpress\/wp-json\/wp\/v2\/comments?post=2371"}],"version-history":[{"count":0,"href":"https:\/\/artetremila.it\/wordpress\/wp-json\/wp\/v2\/posts\/2371\/revisions"}],"wp:featuredmedia":[{"embeddable":true,"href":"https:\/\/artetremila.it\/wordpress\/wp-json\/wp\/v2\/media\/2373"}],"wp:attachment":[{"href":"https:\/\/artetremila.it\/wordpress\/wp-json\/wp\/v2\/media?parent=2371"}],"wp:term":[{"taxonomy":"category","embeddable":true,"href":"https:\/\/artetremila.it\/wordpress\/wp-json\/wp\/v2\/categories?post=2371"},{"taxonomy":"post_tag","embeddable":true,"href":"https:\/\/artetremila.it\/wordpress\/wp-json\/wp\/v2\/tags?post=2371"}],"curies":[{"name":"wp","href":"https:\/\/api.w.org\/{rel}","templated":true}]}}