{"id":2645,"date":"2015-09-10T14:16:45","date_gmt":"2015-09-10T14:16:45","guid":{"rendered":"http:\/\/artetremila.it\/blog\/?p=2645"},"modified":"2015-09-10T14:16:45","modified_gmt":"2015-09-10T14:16:45","slug":"sguardo-di-donna-mostra","status":"publish","type":"post","link":"https:\/\/artetremila.it\/wordpress\/sguardo-di-donna-mostra\/","title":{"rendered":"Sguardo di donna-Mostra"},"content":{"rendered":"<p style=\"text-align: justify;\">La Casa dei Tre Oci inaugura la mostra Sguardo di donna, a cura di Francesca Alfano Miglietti. Lo spazio espositivo sull\u2019isola della Giudecca, al centro del bacino di San Marco, ospita fino a marted\u00ec 8 dicembre 2015 le fotografie di venticinque autrici, pensate e scelte per orientare lo sguardo e la mente verso un mondo che parla di diversit\u00e0, responsabilit\u00e0, compassione e giustizia.<\/p>\n<p>Inaugurazione 10 settembre | 11.00 \u2013 15.00 | casa dei tre oci | venezia<!--more--><\/p>\n<p><a title=\"http:\/\/www.treoci.org\/\" href=\"http:\/\/www.treoci.org\"><img decoding=\"async\" loading=\"lazy\" class=\"\" title=\"http:\/\/www.treoci.org\/\" src=\"http:\/\/newsletter.artribune.com\/segnala\/1063-1-finale.jpg?10092015061001\" alt=\"\" width=\"171\" height=\"116\" border=\"0\" \/><\/a><\/p>\n<p><a title=\"http:\/\/www.treoci.org\/\" href=\"http:\/\/www.treoci.org\"><img decoding=\"async\" loading=\"lazy\" class=\"\" title=\"http:\/\/www.treoci.org\/\" src=\"http:\/\/newsletter.artribune.com\/segnala\/1063-2-finale.jpg?10092015061001\" alt=\"\" width=\"157\" height=\"221\" border=\"0\" \/><\/a><\/p>\n<p><a title=\"http:\/\/www.treoci.org\/\" href=\"http:\/\/www.treoci.org\"><img decoding=\"async\" loading=\"lazy\" class=\"\" title=\"http:\/\/www.treoci.org\/\" src=\"http:\/\/newsletter.artribune.com\/segnala\/1063-3-finale.jpg?10092015061001\" alt=\"\" width=\"171\" height=\"545\" border=\"0\" \/><\/a><\/p>\n<p>SGUARDO DI DONNA. DA DIANE ARBUS A LETIZIA BATTAGLIA. LA PASSIONE E IL CORAGGIO<\/p>\n<p>&nbsp;<\/p>\n<p><strong style=\"font-size: medium; font-family: garamond,arial,helvetica,sans-serif;\"><em>SGUARDO DI DONNA<\/em><\/strong><span style=\"font-size: medium; font-family: garamond,arial,helvetica,sans-serif;\">\u00a0\u00e8 una mostra potente, che parla della cura delle relazioni, del rapporto con l\u2019altro, dello sguardo sul mondo, a partire dal proprio senso di responsabilit\u00e0. Un progetto ambizioso che rimarca come la fotografia negli ultimi decenni <span style=\"color: #990000;\">abbia<\/span> scelto di divenire una sorta di coscienza del mondo, facendosi testimone anche di quello che spesso viene occultato.<\/span><\/p>\n<p><strong style=\"font-size: medium; font-family: garamond,arial,helvetica,sans-serif;\"><em>SGUARDO DI DONNA<\/em><\/strong><span style=\"font-size: medium; font-family: garamond,arial,helvetica,sans-serif;\">\u00a0\u00e8 anche un racconto a pi\u00f9 voci delle molteplici forme del corpo \u2013 fisico, mitico, spirituale e glorioso \u2013\u00a0 dalla duplice valenza: intima e universale, alla ricerca dell\u2019esistenza, al di l\u00e0 del sistema anonimo della maschera.<\/span><\/p>\n<p><strong style=\"font-size: medium; font-family: garamond,arial,helvetica,sans-serif;\">Francesca Alfano Miglietti<\/strong><span style=\"font-size: medium; font-family: garamond,arial,helvetica,sans-serif;\">\u00a0ha scelto\u00a0<\/span><strong style=\"font-size: medium; font-family: garamond,arial,helvetica,sans-serif;\">25 autrici, 25 storie<\/strong><span style=\"font-size: medium; font-family: garamond,arial,helvetica,sans-serif;\">,\u00a0<\/span><strong style=\"font-size: medium; font-family: garamond,arial,helvetica,sans-serif;\">25 sguardi singolari<\/strong><span style=\"font-size: medium; font-family: garamond,arial,helvetica,sans-serif;\">, selezionando\u00a0<\/span><strong style=\"font-size: medium; font-family: garamond,arial,helvetica,sans-serif;\">circa 250 lavori<\/strong><span style=\"font-size: medium; font-family: garamond,arial,helvetica,sans-serif;\">\u00a0di Diane Arbus, Martina Bacigalupo, Yael Bartana, Letizia Battaglia, Margaret Bourke-White, Sophie Calle, Lisetta Carmi, Tacita Dean, Lucinda Devlin, Donna Ferrato, Giorgia Fiorio, Nan Goldin, Roni Horn, Zanele Muholi, Shirin Neshat, Yoko Ono, Catherine Opie, Bettina Rheims, Tracey Rose, Martha Rosler, Chiara Samugheo, Alessandra Sanguinetti, Sam Taylor Johnson, Donata Wenders, Yelena Yemchuk.<\/span><span style=\"font-size: medium; font-family: garamond,arial,helvetica,sans-serif;\"><strong><br \/>\n<\/strong><\/span><\/p>\n<p><span style=\"font-size: medium; font-family: garamond,arial,helvetica,sans-serif;\">L\u2019essere che ama \u00e8 per antonomasia la donna, capace del \u201c<\/span><em style=\"font-size: medium; font-family: garamond,arial,helvetica,sans-serif;\">dono <span style=\"font-size: medium; font-family: garamond,arial,helvetica,sans-serif;\">totale dell\u2019anima e<\/span><\/em><span style=\"font-size: medium; font-family: garamond,arial,helvetica,sans-serif;\"><em style=\"font-size: medium; font-family: garamond,arial,helvetica,sans-serif;\">\u00a0del corpo<\/em><\/span><span style=\"font-size: medium; font-family: garamond,arial,helvetica,sans-serif;\">\u201d (Nietzsche,\u00a0<\/span><em style=\"font-size: medium; font-family: garamond,arial,helvetica,sans-serif;\">La gaia scienza<\/em><span style=\"font-size: small; font-family: garamond, arial, helvetica, sans-serif;\">), con una dedizione incondizionata. Ed \u00e8 per questo che la curatrice ha scelto delle artiste, delle autrici, tutte donne, di ogni parte del mondo, tutte sensibili a cogliere la stessa umanit\u00e0, unicit\u00e0, in-differenza delle infinite variet\u00e0 dei soggetti ritratti,\u00a0nell&#8217;intento\u00a0di sottrarsi alla paura della\u00a0diversit\u00e0.<\/span><\/p>\n<p><span style=\"font-size: medium; font-family: garamond,arial,helvetica,sans-serif;\">Ogni opera diventa la provocazione di un\u00a0<\/span><strong style=\"font-size: medium; font-family: garamond,arial,helvetica,sans-serif;\">dialogo profondo e intimo tra i soggetti delle foto e lo spettatore<\/strong><span style=\"font-size: medium; font-family: garamond,arial,helvetica,sans-serif;\">, raccontando uno scorcio indefinito della comune condizione umana, un \u201cinvito alla consapevolezza\u201d dell\u2019esistenza di mondi\u00a0 differenti\u00a0 e spesso estranei uno all\u2019altro.<\/span><\/p>\n<p><span style=\"font-size: medium; font-family: garamond,arial,helvetica,sans-serif;\">La mostra \u00e8 perci\u00f2 una complessa drammaturgia, ricca di rimandi a varie fonti: sembra, a volte, indispensabile il recupero della tradizione del reportage, altre volte una poeticit\u00e0 struggente e malinconica, altre ancora il linguaggio della denuncia e della compassione. La caratteristica di tutte le opere in mostra \u00e8 l\u2019assoluta centralit\u00e0 del dialogo con il reale, una centralit\u00e0 che stabilisce un vincolo stretto con le forme del mondo, nel recupero di\u00a0<\/span><em style=\"font-size: medium; font-family: garamond,arial,helvetica,sans-serif;\">materiali di vita<\/em><span style=\"font-size: medium; font-family: garamond,arial,helvetica,sans-serif;\">.<\/span><\/p>\n<p><span style=\"font-size: medium; font-family: garamond,arial,helvetica,sans-serif;\">E qui sta il paradosso, perch\u00e9 chiunque avvicini queste opere si accorge che il mondo che raccontano e mostrano non ha nulla di spontaneo. Che si tratti di uomini o donne, che si tratti di una stanza o di un letto, che si veda una panchina o una sedia elettrica, il modo di comporre le opere non \u00e8 mai in riferimento a un reportage, al gusto dell\u2019istantanea, ma si percepisce fortemente la capacit\u00e0 di inventare e costruire le storie a partire da un pensiero poetico, da un\u2019idea di ci\u00f2 che potrebbe accadere e spesso accade.<\/span><\/p>\n<p><span style=\"font-size: medium; font-family: garamond,arial,helvetica,sans-serif;\"><strong>Antonio Marras<\/strong> firma l\u2019allestimento con una scenografia capace di trasportare il visitatore all\u2019interno delle storie che si leggono sulle pareti: un\u2019esperienza nell\u2019esperienza, in cui anche l\u2019allestimento diventa parte fondamentale della narrazione e crea la relazione tra gli spazi della Casa e le opere fotografiche.<\/span><\/p>\n<p><span style=\"font-size: medium; font-family: garamond,arial,helvetica,sans-serif;\">La mostra sar\u00e0 accompagnata da un catalogo, <strong>Marsilio Editori<\/strong>, in due edizioni: italiano e inglese, illustrato, con testi di <strong>Antonio Marras<\/strong>, curatore dell\u2019allestimento, e il saggio della curatrice, <strong>Francesca Alfano Miglietti<\/strong>.<br \/>\n_________________________________<br \/>\n<\/span><\/p>\n<p><em><span style=\"font-size: small; font-family: garamond,arial,helvetica,sans-serif;\"><strong>SGUARDO DI DONNA<br \/>\n<\/strong>da Diane Arbus a Letizia Battaglia<br \/>\nla passione e il coraggio<br \/>\n<\/span><\/em><em><span style=\"font-size: small; font-family: garamond,arial,helvetica,sans-serif;\"><br \/>\nmostra a cura di Francesca Alfano Miglietti<br \/>\ndall&#8217;\u00a0<\/span><\/em><em><span style=\"font-size: small; font-family: garamond,arial,helvetica,sans-serif;\">11 settembre al 8 dicembre 2015<\/span><\/em><\/p>\n<p><em><span style=\"font-size: small; font-family: garamond,arial,helvetica,sans-serif;\">Casa dei Tre Oci<br \/>\n<\/span><\/em><em><span style=\"font-size: small; font-family: garamond,arial,helvetica,sans-serif;\">Fondamenta delle Zitelle, 43 \u00a0\u00a0 <\/span><\/em><br \/>\n<em><span style=\"font-size: small; font-family: garamond,arial,helvetica,sans-serif;\">30133 Giudecca &#8211; Venezia<\/span><\/em><\/p>\n<p><em><span style=\"font-size: small; font-family: garamond,arial,helvetica,sans-serif;\"><strong><span style=\"text-decoration: underline;\">Vaporetto: <\/span><\/strong><\/span><\/em><em><span style=\"font-size: small; font-family: garamond,arial,helvetica,sans-serif;\">Fermata Zitelle<br \/>\n<\/span><\/em><em><span style=\"font-size: small; font-family: garamond,arial,helvetica,sans-serif;\">Da piazzale Roma e dalla Ferrovia linea 4.1 &#8211; 2<br \/>\n<\/span><\/em><em><span style=\"font-size: small; font-family: garamond,arial,helvetica,sans-serif;\">Da San Zaccaria linea 2 &#8211; 4.2<\/span><\/em><\/p>\n<p><em><span style=\"font-size: small; font-family: garamond,arial,helvetica,sans-serif;\"><strong><span style=\"text-decoration: underline;\">Orari: <\/span><\/strong><\/span><\/em><em><span style=\"font-size: small; font-family: garamond,arial,helvetica,sans-serif;\">Tutti i giorni 10.00 \u2013 19.00; chiuso marted\u00ec<\/span><\/em><\/p>\n<p><em><span style=\"font-size: small; font-family: garamond,arial,helvetica,sans-serif;\"><strong><span style=\"text-decoration: underline;\">Info:<\/span><\/strong><\/span><\/em><br \/>\n<em><span style=\"font-size: small; font-family: garamond,arial,helvetica,sans-serif;\">tel. +39 041 24 12 332 <\/span><\/em><br \/>\n<em><span style=\"font-size: small; font-family: garamond,arial,helvetica,sans-serif;\"><a title=\"mailto:info@treoci.org\" href=\"mailto:info@treoci.org\">info@treoci.org<\/a> <\/span><\/em><br \/>\n<em><span style=\"font-size: small; font-family: garamond,arial,helvetica,sans-serif;\"><a title=\"http:\/\/www.treoci.org\/\" href=\"http:\/\/www.treoci.org\/\"><span style=\"color: #000000;\">www.treoci.org<\/span><\/a>\u00a0<\/span><\/em><\/p>\n<p><em><span style=\"font-size: small; font-family: garamond,arial,helvetica,sans-serif;\"><strong><span style=\"text-decoration: underline;\">Biglietti: <\/span><\/strong><\/span><\/em><em><span style=\"font-size: small; font-family: garamond,arial,helvetica,sans-serif;\">12,00 \u20ac intero &#8211; <\/span><\/em><em><span style=\"font-size: small; font-family: garamond,arial,helvetica,sans-serif;\">10,00 \u20ac ridotto studenti under 26 anni, over 65, titolari di apposite convenzioni &#8211; <\/span><\/em><em><span style=\"font-size: small; font-family: garamond,arial,helvetica,sans-serif;\">8,00 \u20ac ridotto speciale gruppi superiori alle 15 persone &#8211; <\/span><\/em><em><span style=\"font-size: small; font-family: garamond,arial,helvetica,sans-serif;\">24,00 \u20ac ridotto famiglia (2 adulti + 2 under 14) &#8211; <\/span><\/em><em><span style=\"font-size: small; font-family: garamond,arial,helvetica,sans-serif;\">5,00 \u20ac ridotto scuole<br \/>\n<\/span><\/em><em><span style=\"font-size: small; font-family: garamond,arial,helvetica,sans-serif;\">Gratuito, bambini fino ai 6 anni, un accompagnatore per ogni gruppo, disabili e accompagnatore, due insegnanti accompagnatori per classe, giornalisti con tessera, guide turistiche<br \/>\n<\/span><\/em><em><span style=\"font-size: small; font-family: garamond,arial,helvetica,sans-serif;\"><strong><span style=\"text-decoration: underline;\">Prenotazioni:<\/span><\/strong><\/span><\/em><br \/>\n<em><span style=\"font-size: small; font-family: garamond,arial,helvetica,sans-serif;\">Singoli e gruppi 1,50 \u20ac a biglietto, gruppi di studenti 1,00 \u20ac \u00a0a biglietto<br \/>\n<\/span><\/em><em><span style=\"font-size: small; font-family: garamond,arial,helvetica,sans-serif;\">Tel +39 041 86 20 761, prevendita on line: <a title=\"http:\/\/www.ticket.it\/treoci\" href=\"http:\/\/www.ticket.it\/treoci\"><span style=\"color: #000000;\">www.ticket.it\/treoci<\/span><\/a><br \/>\n<\/span><\/em><em><span style=\"font-size: small; font-family: garamond,arial,helvetica,sans-serif;\">(Servizio attivo dal 10 agosto)<br \/>\n<\/span><\/em><em><span style=\"font-size: small; font-family: garamond,arial,helvetica,sans-serif;\"><strong><span style=\"text-decoration: underline;\">Visite guidate:<\/span><\/strong><strong>\u00a0\u00a0\u00a0\u00a0\u00a0\u00a0\u00a0\u00a0\u00a0\u00a0\u00a0\u00a0 <span style=\"text-decoration: underline;\"><br \/>\n<\/span><\/strong>Per gruppi da 15 a 25 persone: italiano \u20ac 100,00, inglese \u20ac 120,00<br \/>\n<\/span><\/em><em><span style=\"font-size: small; font-family: garamond,arial,helvetica,sans-serif;\">Solo su prenotazione <a title=\"mailto:info@treoci.org\" href=\"mailto:info@treoci.org\"><span style=\"color: #000000;\">info@treoci.org<\/span><\/a><br \/>\n<\/span><\/em><em><span style=\"font-size: small; font-family: garamond,arial,helvetica,sans-serif;\">Dog free<\/span><\/em><\/p>\n<p>Immagini:<br \/>\n<em><span style=\"font-family: garamond,arial,helvetica,sans-serif;\"><strong>Donna Ferrato<br \/>\n<\/strong>Janice (Dalla serie Living with the Enemy), 1984<\/span><\/em><br \/>\n<em><span style=\"font-family: garamond,arial,helvetica,sans-serif;\">\u00a9 Donna Ferrato<\/span><\/em><\/p>\n<p><em><span style=\"font-family: garamond,arial,helvetica,sans-serif;\"><strong><span style=\"font-size: small;\">Shirin Neshat<br \/>\n<\/span><\/strong><\/span><\/em><em><span style=\"font-size: small; font-family: garamond,arial,helvetica,sans-serif;\">Stories of martyrdom (From the series Women of Allah), 1994<br \/>\n<\/span><\/em><em><span style=\"font-size: small; font-family: garamond,arial,helvetica,sans-serif;\">\u00a9 Shirin Neshat, courtesy l\u2019artista, Gladstone Gallery <\/span><\/em><em><span style=\"font-size: small; font-family: garamond,arial,helvetica,sans-serif;\">e Fondazione Sandretto Re Rebaudengo, Torino<\/span><\/em><\/p>\n<p><em><span style=\"font-family: garamond,arial,helvetica,sans-serif;\"><strong><span style=\"font-size: small;\">Catherine Opie<br \/>\n<\/span><\/strong><\/span><\/em><em><span style=\"font-size: small; font-family: garamond,arial,helvetica,sans-serif;\">Ron Athey, 1994<br \/>\n<\/span><\/em><em><span style=\"font-size: small; font-family: garamond,arial,helvetica,sans-serif;\">\u00a9 Catherine Opie, courtesy Regen Projects, Los Angeles e Fondazione Sandretto Re Rebaudengo, Torino<\/span><\/em><\/p>\n<p><em><span style=\"font-family: garamond,arial,helvetica,sans-serif;\"><strong><span style=\"font-size: small;\">Bettina Rheims<br \/>\n<\/span><\/strong><\/span><\/em><em><span style=\"font-size: small; font-family: garamond,arial,helvetica,sans-serif;\">Valentin P. III (Dalla serie Gender Studies), 2011<br \/>\n\u00a9 Bettina Rheims<\/span><\/em><\/p>\n<p>&nbsp;<\/p>\n<p>&nbsp;<\/p>\n","protected":false},"excerpt":{"rendered":"<p>La Casa dei Tre Oci inaugura la mostra Sguardo di donna, a cura di Francesca Alfano Miglietti. Lo spazio espositivo sull\u2019isola della Giudecca, al centro del bacino di San Marco, ospita fino a marted\u00ec 8 dicembre 2015 le fotografie di venticinque autrici, pensate e scelte per orientare lo sguardo e la mente verso un mondo che parla di diversit\u00e0, responsabilit\u00e0,<\/p>\n","protected":false},"author":2,"featured_media":2274,"comment_status":"closed","ping_status":"open","sticky":false,"template":"","format":"standard","meta":{"ngg_post_thumbnail":0},"categories":[19],"tags":[],"_links":{"self":[{"href":"https:\/\/artetremila.it\/wordpress\/wp-json\/wp\/v2\/posts\/2645"}],"collection":[{"href":"https:\/\/artetremila.it\/wordpress\/wp-json\/wp\/v2\/posts"}],"about":[{"href":"https:\/\/artetremila.it\/wordpress\/wp-json\/wp\/v2\/types\/post"}],"author":[{"embeddable":true,"href":"https:\/\/artetremila.it\/wordpress\/wp-json\/wp\/v2\/users\/2"}],"replies":[{"embeddable":true,"href":"https:\/\/artetremila.it\/wordpress\/wp-json\/wp\/v2\/comments?post=2645"}],"version-history":[{"count":0,"href":"https:\/\/artetremila.it\/wordpress\/wp-json\/wp\/v2\/posts\/2645\/revisions"}],"wp:featuredmedia":[{"embeddable":true,"href":"https:\/\/artetremila.it\/wordpress\/wp-json\/wp\/v2\/media\/2274"}],"wp:attachment":[{"href":"https:\/\/artetremila.it\/wordpress\/wp-json\/wp\/v2\/media?parent=2645"}],"wp:term":[{"taxonomy":"category","embeddable":true,"href":"https:\/\/artetremila.it\/wordpress\/wp-json\/wp\/v2\/categories?post=2645"},{"taxonomy":"post_tag","embeddable":true,"href":"https:\/\/artetremila.it\/wordpress\/wp-json\/wp\/v2\/tags?post=2645"}],"curies":[{"name":"wp","href":"https:\/\/api.w.org\/{rel}","templated":true}]}}