{"id":2694,"date":"2015-10-02T07:42:20","date_gmt":"2015-10-02T07:42:20","guid":{"rendered":"http:\/\/artetremila.it\/blog\/?p=2694"},"modified":"2015-10-02T07:42:20","modified_gmt":"2015-10-02T07:42:20","slug":"paradossalmente-ma-non-troppo-mostra","status":"publish","type":"post","link":"https:\/\/artetremila.it\/wordpress\/paradossalmente-ma-non-troppo-mostra\/","title":{"rendered":"Paradossalmente ma non troppo-Mostra"},"content":{"rendered":"<p>Si inaugura sabato 3 ottobre 2015 alle ore 18,30 allo Spazio Libero 8, Alzaia Naviglio Pavese, 8, la mostra personale di pittura di Antonio Cogliano intitolata (paradossalmente ma non troppo) \u201cSculture da parete\u201d, a cura di Virgilio Patarini. In esposizione una quindicina di opere, ovvero una selezione della produzione degli ultimi anni dell\u2019artista modenese, tutta incentrata sulla ricerca della materia allo stato puro. La mostra proseguir\u00e0 fino al 16 ottobre, visitabile tutti i giorni dalle 15,30 alle 19, ad ingresso libero.<!--more--><\/p>\n<p><a href=\"http:\/\/artetremila.it\/blog\/wp-content\/uploads\/2015\/10\/locandina-cogliano_01.jpg\"><img decoding=\"async\" loading=\"lazy\" class=\"alignnone size-medium wp-image-2696\" src=\"http:\/\/artetremila.it\/blog\/wp-content\/uploads\/2015\/10\/locandina-cogliano_01-212x300.jpg\" alt=\"locandina cogliano_01\" width=\"212\" height=\"300\" data-id=\"2696\" \/><\/a><\/p>\n<p>Antonio Cogliano: Quadri come bassorilievi<\/p>\n<p>La pittura di Antonio Cogliano si pone criticamente e consapevolmente sulla scia dell\u2019Informale nella sua declinazione pi\u00f9 spiccatamente europea, ovvero quella di Alberto Burri, Riopelle, Dubuffet, Fautrier, Tapies, un\u2019arte che non solo rinuncia in via definitiva da una parte alla rappresentazione \u201cvisiva\u201d della realt\u00e0 e dall\u2019altra ad ogni rappresentazione astratta geometrica, ma che pone proprio nella \u201cmateria\u201d il suo fulcro nevralgico, facendo a tutti gli effetti \u201cpittura\u201d con materiali extra-pittorici e portando la pittura stessa ai confini (e oltre) con la scultura.<\/p>\n<p>In effetti tutte le opere di Antonio Cogliano, esattamente cos\u00ec come quelle dei summenzionati grandi maestri dell\u2019Art Informel, sono a tutti gli effetti dei veri e propri bassorilievi. La realt\u00e0 non viene pi\u00f9 rappresentata, ma fa irruzione direttamente nell\u2019opera. L\u2019opera non raffigura pi\u00f9 qualcosa di altro da s\u00e9, ma \u00e8 semplicemente: significato e significante coincidono.<\/p>\n<p>In Cogliano poi tutto questo si declina con eleganza e misura, con una predilezione per opere monocrome, spesso bianche, che sortiscono un doppio esito: da una parte una grande armonia ed eleganza complessiva, dall\u2019altra una massima attenzione data proprio alla materia stessa, ai rilievi, all\u2019aggettanza delle superfici e dei diversi materiali utilizzati. E cos\u00ec il disegno dell\u2019opera \u00e8 determinato dalla trama di ombre che le parti in rilievo proiettano sulla superficie e la dimensione tattile prende il primo posto rispetto a quella visiva. Dunque, cos\u00ec come i quadri di Cogliano sono in realt\u00e0 sculture, allo stesso modo occorrerebbe sottolineare che non sono opere da guardare ma da toccare.<\/p>\n<p>Virgilio Patarini<\/p>\n<p>Antonio Cogliano nasce nel 1946 a Gesualdo in provincia di Avellino e risiede a Modena dal 1948. La sua vita e la sua carriera si divide in due parti: fino al 2000 \u00e8 stato prima direttore di produzione in un azienda tessile, e successivamente ha aperto un suo maglificio occupandosi della parte creativa delle collezioni e della parte commerciale esponendo i suoi prodotti in numerose fiere italiane e straniere: Milano, Parigi, Colonia, Copenaghen, Mosca, Madrid, Elsinki, Dusseldorf. Dal 2000, dopo la chiusura della sua azienda, inizia l\u2019attivit\u00e0 artistica, utilizzando diverse forme d\u2019arte, dal legno al ferro saldato, sperimentando diverse composizioni e materiali di riciclo, fino ad arrivare alle recenti opere, con abbinamenti di diverse materie, resine, tempera e collanti vari. Presente in numerose e qualificate rassegne d\u2019arte, numerosi magazine, riportano recensioni del suo operato artistico. Le sue opere figurano in raccolte pubbliche e private. Ha partecipato a mostre e rassegne nazionali ed estere.<\/p>\n","protected":false},"excerpt":{"rendered":"<p>Si inaugura sabato 3 ottobre 2015 alle ore 18,30 allo Spazio Libero 8, Alzaia Naviglio Pavese, 8, la mostra personale di pittura di Antonio Cogliano intitolata (paradossalmente ma non troppo) \u201cSculture da parete\u201d, a cura di Virgilio Patarini. In esposizione una quindicina di opere, ovvero una selezione della produzione degli ultimi anni dell\u2019artista modenese, tutta incentrata sulla ricerca della materia<\/p>\n","protected":false},"author":2,"featured_media":2696,"comment_status":"closed","ping_status":"open","sticky":false,"template":"","format":"standard","meta":{"ngg_post_thumbnail":0},"categories":[19],"tags":[],"_links":{"self":[{"href":"https:\/\/artetremila.it\/wordpress\/wp-json\/wp\/v2\/posts\/2694"}],"collection":[{"href":"https:\/\/artetremila.it\/wordpress\/wp-json\/wp\/v2\/posts"}],"about":[{"href":"https:\/\/artetremila.it\/wordpress\/wp-json\/wp\/v2\/types\/post"}],"author":[{"embeddable":true,"href":"https:\/\/artetremila.it\/wordpress\/wp-json\/wp\/v2\/users\/2"}],"replies":[{"embeddable":true,"href":"https:\/\/artetremila.it\/wordpress\/wp-json\/wp\/v2\/comments?post=2694"}],"version-history":[{"count":0,"href":"https:\/\/artetremila.it\/wordpress\/wp-json\/wp\/v2\/posts\/2694\/revisions"}],"wp:featuredmedia":[{"embeddable":true,"href":"https:\/\/artetremila.it\/wordpress\/wp-json\/"}],"wp:attachment":[{"href":"https:\/\/artetremila.it\/wordpress\/wp-json\/wp\/v2\/media?parent=2694"}],"wp:term":[{"taxonomy":"category","embeddable":true,"href":"https:\/\/artetremila.it\/wordpress\/wp-json\/wp\/v2\/categories?post=2694"},{"taxonomy":"post_tag","embeddable":true,"href":"https:\/\/artetremila.it\/wordpress\/wp-json\/wp\/v2\/tags?post=2694"}],"curies":[{"name":"wp","href":"https:\/\/api.w.org\/{rel}","templated":true}]}}