{"id":2716,"date":"2015-10-27T08:12:26","date_gmt":"2015-10-27T08:12:26","guid":{"rendered":"http:\/\/artetremila.it\/blog\/?p=2716"},"modified":"2015-10-27T08:12:26","modified_gmt":"2015-10-27T08:12:26","slug":"personale-di-gianni-dessi","status":"publish","type":"post","link":"https:\/\/artetremila.it\/wordpress\/personale-di-gianni-dessi\/","title":{"rendered":"Personale di Gianni Dess\u00ec"},"content":{"rendered":"<p>Personale di Gianni Dess\u00ec da Progettoarte elm a Milano<\/p>\n<p>In questa sua prima mostra personale milanese Gianni Dess\u00ec ha pensato a un articolato percorso tra pittura e scultura, che ribadisce e rinforza il significato che l'&#8221;essere artista&#8221; ha per lui.<br \/>\nA cura di Marco Meneguzzo. Inaugurazione gioved\u00ec 29 ottobre | ore 18:30 | progettoarte elm | milano<!--more--><\/p>\n<p><a href=\"http:\/\/artetremila.it\/blog\/wp-content\/uploads\/2015\/10\/giannidessi.jpg\"><img decoding=\"async\" loading=\"lazy\" class=\"alignnone size-medium wp-image-2718\" src=\"http:\/\/artetremila.it\/blog\/wp-content\/uploads\/2015\/10\/giannidessi-221x300.jpg\" alt=\"giannidessi\" width=\"221\" height=\"300\" data-id=\"2718\" \/><\/a><\/p>\n<p>CON ANIMA<br \/>\nDue sculture \u2013 un autoritratto e l\u2019intreccio di due mani, memoria del gesto fanciullesco della cattura gentile delle lucciole \u2013, una grande opera pittorica insieme a una serie di piccoli contrappunti su tela costituiscono la narrazione dell\u2019artista, nel senso che l\u2019artista narra se stesso con passione e desiderio, \u201cgettandosi\u201d generosamente nel mezzo delle cose dell\u2019arte, e facendo che queste diventino tutt\u2019uno con la propria vita. Non, dunque, un osservatore esterno, tendenzialmente razionale che decodifica la narrazione del proprio paziente, quanto l\u2019identificazione col paziente, oggetto e soggetto poetico diverso dall\u2019analista: \u00e8 su questa dichiarata debolezza e contemporanea ricchezza del vivere che si basa la necessit\u00e0 dell\u2019arte di Dess\u00ec.<\/p>\n<p>Gianni Dess\u00ec &#8211; Biografia<\/p>\n<p>Gianni Dess\u00ec nasce a Roma nel 1955. A Roma frequenta prima il Liceo artistico, dove ha come insegnante di disegno Nicola Carrino, poi l\u2019Accademia di Belle Arti, dove nel 1976 si diploma in scenografia con Toti Scialoja. Fra il 1975 e il 1977 inizia a collaborare con Giorgio Barberio Corsetti, che conosce all\u2019Accademia, e con il gruppo teatrale \u201cLa Gaia Scienza\u201d, che Corsetti fonda in quegli anni con Marco Solari e Alessandra Vanzi. Dess\u00ec realizza una serie di interventi per gli spettacoli La Gaia Scienza nel 1975, La rivolta degli oggetti da V. Maiakovskij nel 1976 e Cronache marziane nel 1977. Nel 1977 presenta per la prima volta in pubblico un suo lavoro nell\u2019ambito della rassegna teatrale Le iniziative di ii, organizzata dall\u2019associazione culturale \u201cBeat 72\u201d, per cui allestisce un percorso nel tunnel della Stazione San Pietro di Roma in cui lo spettatore \u00e8 invitato a decifrare alcuni brevi testi lungo un tragitto attraversato da fasci di luce blu. L\u2019anno successivo espone per la prima volta presso la Galleria Ugo Ferranti di Roma in una mostra collettiva insieme a Bruno Ceccobelli, Giuseppe Gallo, Angelo S\u00e9gneri e FrancescaWoodman. In questa occasione Dess\u00ec presenta un lavoro, intitolato Penetrazioni (i quattro sensi), che evidenzia il forte interesse dell\u2019artista per lo spazio. L\u2019opera consiste, infatti, in quattro frammenti di carta disposti sul muro della galleria che accennano alle quattro diverse direzioni possibili (alto, basso, destra e sinistra) attraverso i segni tracciati con la matita sulla carta e la sagoma leggera dei tondini di ferro. Nel 1979 tiene la sua prima mostra personale organizzata da Ugo Ferranti nell\u2019ambito dell\u2019Arte fiera di Bologna. Quello stesso anno realizza un lavoro in una casa rurale abbandonata a Bistrica ob Sotli in Slovenia. Con l\u2019uso di materiali e tecniche diverse interviene all\u2019interno di una delle stanze dell\u2019edificio alterandone la normale percezione e guidando lo sguardo dell\u2019osservatore in un percorso tra interno ed esterno dell\u2019ambiente. Nel 1980 tiene tre mostre personali, una a Roma da Ugo Ferranti e due all\u2019estero: alla Galerie Swart di Amsterdam all\u2019inizio dell\u2019anno e alla Galerie Yvon Lambert a Parigi in autunno. In quello stesso periodo Dess\u00ec trasferisce il suo studio da vicolo della Renella, dove durante gli anni dell\u2019Accademia aveva diviso uno spazio con Bruno Ceccobelli, Domenico Bianchi e poi Roberto Pace, all\u2019ex pastificio Cerere nel quartiere romano di San Lorenzo, che in quegli anni diventa un centro vitale della cultura artistica cittadina e internazionale. Qui si tiene nel 1984 la mostra Ateliers, a cura di Achille Bonito Oliva, in occasione della quale Domenico Bianchi, Bruno Ceccobelli, Giuseppe Gallo, Nunzio, Pizzi Cannella, Tirelli e Dess\u00ec aprono i loro studi al pubblico. Si intensifica intanto la sua attivit\u00e0 espositiva sia in Europa che negli Stati Uniti. Tiene mostre personali alla Galerie Swart di Amsterdam nel 1981, alla Galleria Ugo Ferranti di Roma nel 1982, presso la Galerie Folker Skulima a Berlino nel 1982, nel 1985 e nel 1987; da Gian Enzo Sperone a Roma nel 1985, nel 1986 e nel 1989 e nella sede di New York della stessa galleria, la Sperone Westwater, nel 1985, nel 1987 e nel 1991; alla Galerie Triebold a Basilea nel 1989 e alla L.A. Louver Gallery di Los Angeles nel 1989. Tra le collettive cui partecipa si ricordano Italiana. Nuova Immagine curata da Achille Bonito Oliva a Ravenna nel 1980 e Artemisia alla Galleria Ugo Ferranti di Roma lo stesso anno; nel 1981 l\u2019esposizione dedicata a Bianchi, Ceccobelli, Dess\u00ec, Gallo al Gr\u00f6ninger Museum di Gr\u00f6ningen e la XVI Bienal de S\u00e3o Paulo in Brasile; la 12e Biennale de Paris a Parigi nel 1982, An International Survey of Recent Painting al MoMA di New York nel 1984; nel 1985 L\u2019Italie aujourd\u2019hui al Centre National d\u2019Art Contemporain di Nizza, Nuove trame dell\u2019arte al Castello di Genazzano e Anniottanta a Bologna, Imola, Ravenna e Rimini; Bianchi, Ceccobelli, Dess\u00ec, Gallo ai Riverside Studios di Londra nel 1986 e nel 1988 le esposizioni Trait d\u2019union in Villa Medici a Roma e Dal ritorno all\u2019ordine al richiamo della pittura 1920-1987 alla K\u00fcnstnernes Hus di Oslo. Partecipa inoltre alla Biennale di Venezia del 1984 e del 1986, e alla Quadriennale di Roma del 1986. In occasione delle personali dei primi anni Ottanta Dess\u00ec realizza grandi opere su tela in cui fa convivere una sobria gamma cromatica, attestata su poche variazioni tra il bianco e il nero, con un\u2019ampia variet\u00e0 di interventi sulla tela. Lacerazioni, incisioni (Pictor pinxit, 1984), sovrapposizioni di piani, inserzioni materiche (Elegia, 1983), testimoniano una complessit\u00e0 di intervento gestuale e materico che, in forme diverse, rimarr\u00e0 costante nella sua opera, insieme alla presenza in ogni immagine di un nucleo centrale, che serve da punto di fuga prospettico ideale, da punto d\u2019incontro tra lo sguardo dell\u2019autore e quello dello spettatore e che spesso assume una forma molto simile a quella di un vero e proprio occhio (Quadro ovale, 1986). Dalla fine del decennio, mentre l\u2019attivit\u00e0 espositiva prosegue e si intensifica, la sua pittura si anima di un nuovo rapporto col colore, che si accende fino a esplodere nei gialli di opere come Punto a capo (1987) e Campione (1988). Nel 1991 realizza per Edicola Notte a Roma la sua prima Camera picta, un piccolo ambiente (largo un metro e lungo sette) visibile unicamente dall\u2019esterno, in cui il colore invade le pareti della stanza e diviene vera e propria esperienza sensoriale oltre che visiva. L\u2019immagine, formata dal colore sulle pareti e da un elemento tridimensionale al centro dello spazio (un piccolo quadro su un piedistallo), offre una visione unitaria e bidimensionale se osservata da un punto di osservazione privilegiato, mentre si frantuma nei suoi diversi elementi ad ogni spostamento di chi guarda. Nel corso degli anni Novanta sue mostre personali sono allestite nelle gallerie Alessandro Bagnai a Siena (1990, 1995, 2000), Volker Diehl a Berlino (1991), Gian Ferrari a Milano (1992), Otto a Bologna (1996). Nel 1994 in una personale a Parigi che si tiene contemporaneamente all\u2019H\u00f4tel de Galliffet, sede dell\u2019Istituto Italiano di Cultura, e alla Galerie Di Meo, realizza una grande opera sulla parete esterna dell\u2019Istituto di Cultura, simile per concezione al lavoro che realizzer\u00e0 nel 1996 al Palazzo delle Esposizioni di Roma in occasione della XII Quadriennale d\u2019arte. Nel 1995 gli viene dedicata un\u2019ampia rassegna antologica alla Galleria Civica d\u2019Arte Contemporanea di Trento a cura di Danilo Eccher. Tra le mostre collettive di quegli stessi anni si segnalano Roma interna al Museum Moderner Kunst \u2013 Stiftung Ludwig di Vienna nel 1991, Concordantiae al Centre R\u00e9gional d\u2019Art Contemporain di Tolosa nel 1992, Una generazione a Roma alla Rocca Paolina di Perugia e al Centro per l\u2019Arte Contemporanea di Umbertide sempre nel 1992, Italia America: l\u2019astrazione ridefinita alla Galleria Nazionale d\u2019Arte Moderna di San Marino nel 1993, Arte italiana 1945-95. Il visibile e l\u2019invisibile nell\u2019Aichi Prefectural Museum of Art di Nagoya nel 1997 e Arte italiana. Ultimi quarant\u2019anni. Pittura aniconica alla Galleria Comunale d\u2019Arte Moderna di Bologna nel 1999.<\/p>\n<p>_________________________<br \/>\nDal 29 ottobre al 11 Dicembre 2015<\/p>\n<p>Progettoarte elm<br \/>\nVia Fusetti, 14 &#8211; 20143 &#8211; Milano \u2013 Italy<br \/>\nTel. +39 02 83390437 Email: info@progettoarte-elm.com<\/p>\n","protected":false},"excerpt":{"rendered":"<p>Personale di Gianni Dess\u00ec da Progettoarte elm a Milano In questa sua prima mostra personale milanese Gianni Dess\u00ec ha pensato a un articolato percorso tra pittura e scultura, che ribadisce e rinforza il significato che l&#8217;&#8221;essere artista&#8221; ha per lui. A cura di Marco Meneguzzo. Inaugurazione gioved\u00ec 29 ottobre | ore 18:30 | progettoarte elm | milano<\/p>\n","protected":false},"author":2,"featured_media":2718,"comment_status":"closed","ping_status":"open","sticky":false,"template":"","format":"standard","meta":{"ngg_post_thumbnail":0},"categories":[19,24],"tags":[],"_links":{"self":[{"href":"https:\/\/artetremila.it\/wordpress\/wp-json\/wp\/v2\/posts\/2716"}],"collection":[{"href":"https:\/\/artetremila.it\/wordpress\/wp-json\/wp\/v2\/posts"}],"about":[{"href":"https:\/\/artetremila.it\/wordpress\/wp-json\/wp\/v2\/types\/post"}],"author":[{"embeddable":true,"href":"https:\/\/artetremila.it\/wordpress\/wp-json\/wp\/v2\/users\/2"}],"replies":[{"embeddable":true,"href":"https:\/\/artetremila.it\/wordpress\/wp-json\/wp\/v2\/comments?post=2716"}],"version-history":[{"count":0,"href":"https:\/\/artetremila.it\/wordpress\/wp-json\/wp\/v2\/posts\/2716\/revisions"}],"wp:featuredmedia":[{"embeddable":true,"href":"https:\/\/artetremila.it\/wordpress\/wp-json\/"}],"wp:attachment":[{"href":"https:\/\/artetremila.it\/wordpress\/wp-json\/wp\/v2\/media?parent=2716"}],"wp:term":[{"taxonomy":"category","embeddable":true,"href":"https:\/\/artetremila.it\/wordpress\/wp-json\/wp\/v2\/categories?post=2716"},{"taxonomy":"post_tag","embeddable":true,"href":"https:\/\/artetremila.it\/wordpress\/wp-json\/wp\/v2\/tags?post=2716"}],"curies":[{"name":"wp","href":"https:\/\/api.w.org\/{rel}","templated":true}]}}