{"id":2759,"date":"2015-12-12T10:19:48","date_gmt":"2015-12-12T10:19:48","guid":{"rendered":"http:\/\/artetremila.it\/blog\/?p=2759"},"modified":"2015-12-12T10:19:48","modified_gmt":"2015-12-12T10:19:48","slug":"lovejoy-la-cometa-di-natale-2015","status":"publish","type":"post","link":"https:\/\/artetremila.it\/wordpress\/lovejoy-la-cometa-di-natale-2015\/","title":{"rendered":"Lovejoy, la cometa di Natale 2015"},"content":{"rendered":"<p>Lovejoy ( C\/2014 Q2\u00a0 ) gi\u00e0 visibile con un binocolo nelle prime ore dell&#8217;alba ci accompagner\u00e0 per tutto il periodo Natalizio e oltre.\u00a0Scoperta il l 17 agosto del 2014, la cometa Lovejoy \u00e8 stata osservabile dall&#8217;emisfero australe fino a qualche tempo fa prima che prendesse la strada del perielio, <!--more-->mascherandosi cos\u00ec nell&#8217;intensa luce solare; al termine del suo incontro ravvicinato, si \u00e8 mostrata agli occhi degli astronomi come estremamente debole e, purtroppo, a meno che non si verifichi qualche evento imprevisto celeste, tale rester\u00e0 nelle prossime settimane. Lovejoy si sposter\u00e0 dalla costellazione della Vergine verso quella del Bovaro e, soprattutto, fare la sua comparsa durante la notte, quando sar\u00e0 osservabile anche grazie ad un piccolo binocolo.<\/p>\n<p><a href=\"http:\/\/artetremila.it\/blog\/wp-content\/uploads\/2015\/12\/catalina1.jpeg\"><img decoding=\"async\" loading=\"lazy\" class=\"alignnone size-medium wp-image-2767\" src=\"http:\/\/artetremila.it\/blog\/wp-content\/uploads\/2015\/12\/catalina1-300x199.jpeg\" alt=\"catalina\" width=\"300\" height=\"199\" data-id=\"2767\" \/><\/a><\/p>\n<p>Fotografata da Gianluca Masi e Luigi Catalano.<\/p>\n<p>Il punto massimo di luminosit\u00e0, corrispondente quasi alla sesta magnitudo, lo raggiunger\u00e0 comunque per la met\u00e0 di gennaio: a quel punto sfiorer\u00e0 quasi la visibilit\u00e0 ad occhio nudo, prima di ricominciare ad offuscarsi ai nostri occhi. Insomma, sembra chiaro che non possiamo aspettarci luci pirotecniche: accontentiamoci, quindi, del fatto che Catalina si lascer\u00e0 comunque ammirare senza troppo sforzo, oltretutto proprio nelle prossime settimane, per rendere ancor pi\u00f9 magico il nostro Natale.<\/p>\n<p><strong>L&#8217;associazione Culturale Artetremila augura un sereno Natale e un felice anno nuovo a tutti gli uomini di buona volont\u00e0.<\/strong><\/p>\n<p><iframe loading=\"lazy\" width=\"860\" height=\"484\" src=\"https:\/\/www.youtube.com\/embed\/aUYBmRWL-Qs?feature=oembed\" frameborder=\"0\" allowfullscreen><\/iframe><\/p>\n<p>&nbsp;<\/p>\n","protected":false},"excerpt":{"rendered":"<p>Lovejoy ( C\/2014 Q2\u00a0 ) gi\u00e0 visibile con un binocolo nelle prime ore dell&#8217;alba ci accompagner\u00e0 per tutto il periodo Natalizio e oltre.\u00a0Scoperta il l 17 agosto del 2014, la cometa Lovejoy \u00e8 stata osservabile dall&#8217;emisfero australe fino a qualche tempo fa prima che prendesse la strada del perielio,<\/p>\n","protected":false},"author":2,"featured_media":2767,"comment_status":"closed","ping_status":"open","sticky":false,"template":"","format":"standard","meta":{"ngg_post_thumbnail":0},"categories":[6],"tags":[],"_links":{"self":[{"href":"https:\/\/artetremila.it\/wordpress\/wp-json\/wp\/v2\/posts\/2759"}],"collection":[{"href":"https:\/\/artetremila.it\/wordpress\/wp-json\/wp\/v2\/posts"}],"about":[{"href":"https:\/\/artetremila.it\/wordpress\/wp-json\/wp\/v2\/types\/post"}],"author":[{"embeddable":true,"href":"https:\/\/artetremila.it\/wordpress\/wp-json\/wp\/v2\/users\/2"}],"replies":[{"embeddable":true,"href":"https:\/\/artetremila.it\/wordpress\/wp-json\/wp\/v2\/comments?post=2759"}],"version-history":[{"count":0,"href":"https:\/\/artetremila.it\/wordpress\/wp-json\/wp\/v2\/posts\/2759\/revisions"}],"wp:featuredmedia":[{"embeddable":true,"href":"https:\/\/artetremila.it\/wordpress\/wp-json\/"}],"wp:attachment":[{"href":"https:\/\/artetremila.it\/wordpress\/wp-json\/wp\/v2\/media?parent=2759"}],"wp:term":[{"taxonomy":"category","embeddable":true,"href":"https:\/\/artetremila.it\/wordpress\/wp-json\/wp\/v2\/categories?post=2759"},{"taxonomy":"post_tag","embeddable":true,"href":"https:\/\/artetremila.it\/wordpress\/wp-json\/wp\/v2\/tags?post=2759"}],"curies":[{"name":"wp","href":"https:\/\/api.w.org\/{rel}","templated":true}]}}