{"id":2862,"date":"2016-02-10T07:30:43","date_gmt":"2016-02-10T07:30:43","guid":{"rendered":"http:\/\/artetremila.it\/blog\/?p=2862"},"modified":"2016-02-10T07:30:43","modified_gmt":"2016-02-10T07:30:43","slug":"mostra-personale-di-edoardo-vaira-lamore-al-pomeriggio","status":"publish","type":"post","link":"https:\/\/artetremila.it\/wordpress\/mostra-personale-di-edoardo-vaira-lamore-al-pomeriggio\/","title":{"rendered":"Mostra personale di EDOARDO VAIRA-L&#8217;amore al pomeriggio"},"content":{"rendered":"<p>Mostra personale di EDOARDO VAIRA | L&#8217;amore al pomeriggio<\/p>\n<p><strong>Edoardo Vaira &#8211; <\/strong>L&#8217;amore al pomeriggio<\/p>\n<p><a href=\"http:\/\/artetremila.it\/blog\/wp-content\/uploads\/2016\/02\/Varia.jpg\"><img decoding=\"async\" loading=\"lazy\" class=\"alignnone size-medium wp-image-2864\" src=\"http:\/\/artetremila.it\/blog\/wp-content\/uploads\/2016\/02\/Varia-300x201.jpg\" alt=\"Varia\" width=\"300\" height=\"201\" data-id=\"2864\" \/><\/a><\/p>\n<p><!--more--><br \/>\nVERNISSAGE<br \/>\nmarted\u00ec 16 febbraio<br \/>\nore 18.30<\/p>\n<p>presso Spazio Mantegna<br \/>\nvia Pier della Francesca, 4\/7 (angolo via Mantegna, 5)<br \/>\nMilano<br \/>\nOrari: ingresso libero e su appuntamento<br \/>\ndal luned\u00ec al sabato<br \/>\ndalle 15.00 alle 19.00<br \/>\n(spaziomantegna@gmail.com)<\/p>\n<p>In quest\u2019affascinante gruppo di lavori, \u00e8 l\u2019immaginario che fa il suo ingresso nell\u2019opera di Edoardo Vaira, come un oggetto che urta il vetro di una finestra, leggero e instabile come possono essere le operazioni dell\u2019immaginazione.<\/p>\n<p>Ma non appena si guarda l\u2019opera pi\u00f9 da vicino l\u2019immaginario d\u00e0 forma ai fantasmi giacenti al fondo della coscienza e trasforma in presenza le immagini che appaiono sulla tela.<br \/>\nCome un osservatore privilegiato, l\u2019artista ci conduce in un viaggio labirintico dove si respira un\u2019aria caliginosa e spessa; \u00e8 il viaggio della conoscenza nei meandri dell\u2019inconscio.<br \/>\n\u201cL\u2019amore al pomeriggio\u201d propone dipinti dall\u2019unit\u00e0 apparentemente ritrovata, dove il doppio, ora, \u00e8 rivelato e non si nasconde pi\u00f9 nelle rassicurazioni di un\u2019immagine figurativa ma esplode, prende corpo e vive con tutta la sua forza espressionista sul supporto pittorico.<br \/>\n\u00c8 qui che scaturisce il clima della notte, che parla di metropoli contemporanee e le avvicina a mio modo di vedere a un\u2019altra potentissima visione parallela, quella della dimensione privata e all\u2019attualit\u00e0 della cronaca.<\/p>\n<p>Luca Rendina<\/p>\n<p>La mostra terminer\u00e0 marted\u00ec 1 marzo<\/p>\n","protected":false},"excerpt":{"rendered":"<p>Mostra personale di EDOARDO VAIRA | L&#8217;amore al pomeriggio Edoardo Vaira &#8211; L&#8217;amore al pomeriggio<\/p>\n","protected":false},"author":2,"featured_media":2866,"comment_status":"closed","ping_status":"open","sticky":false,"template":"","format":"standard","meta":{"ngg_post_thumbnail":0},"categories":[19],"tags":[],"_links":{"self":[{"href":"https:\/\/artetremila.it\/wordpress\/wp-json\/wp\/v2\/posts\/2862"}],"collection":[{"href":"https:\/\/artetremila.it\/wordpress\/wp-json\/wp\/v2\/posts"}],"about":[{"href":"https:\/\/artetremila.it\/wordpress\/wp-json\/wp\/v2\/types\/post"}],"author":[{"embeddable":true,"href":"https:\/\/artetremila.it\/wordpress\/wp-json\/wp\/v2\/users\/2"}],"replies":[{"embeddable":true,"href":"https:\/\/artetremila.it\/wordpress\/wp-json\/wp\/v2\/comments?post=2862"}],"version-history":[{"count":0,"href":"https:\/\/artetremila.it\/wordpress\/wp-json\/wp\/v2\/posts\/2862\/revisions"}],"wp:featuredmedia":[{"embeddable":true,"href":"https:\/\/artetremila.it\/wordpress\/wp-json\/"}],"wp:attachment":[{"href":"https:\/\/artetremila.it\/wordpress\/wp-json\/wp\/v2\/media?parent=2862"}],"wp:term":[{"taxonomy":"category","embeddable":true,"href":"https:\/\/artetremila.it\/wordpress\/wp-json\/wp\/v2\/categories?post=2862"},{"taxonomy":"post_tag","embeddable":true,"href":"https:\/\/artetremila.it\/wordpress\/wp-json\/wp\/v2\/tags?post=2862"}],"curies":[{"name":"wp","href":"https:\/\/api.w.org\/{rel}","templated":true}]}}