{"id":3162,"date":"2016-05-30T15:52:00","date_gmt":"2016-05-30T15:52:00","guid":{"rendered":"http:\/\/artetremila.it\/wordpress\/?p=3162"},"modified":"2016-05-30T15:52:00","modified_gmt":"2016-05-30T15:52:00","slug":"lasciami-entrare-mostra","status":"publish","type":"post","link":"https:\/\/artetremila.it\/wordpress\/lasciami-entrare-mostra\/","title":{"rendered":"Lasciami entrare &#8211; Mostra"},"content":{"rendered":"<table id=\"AutoNumber1\" border=\"0\" width=\"100%\" cellspacing=\"0\" cellpadding=\"0\">\n<tbody>\n<tr>\n<td align=\"left\" valign=\"top\" width=\"80%\">\n<div><strong><span style=\"color: #ff0000; font-family: Verdana;\"><b>Roma, MACRO TESTACCIO. Inaugurazione: mercoled\u00ec 1\u00b0 giugno, ore 18.30 | Apertura al pubblico: 2 giugno &#8211; 24 luglio 2016<\/b><\/span><\/strong><\/div>\n<p><span style=\"font-family: Verdana;\">lasciami entrare \u00e8 la mostra di <span style=\"font-weight: bold;\">Alessandro Valeri<\/span>, aperta al pubblico negli spazi de La Pelanda al MACRO TESTACCIO dal 2 giugno al 24 luglio 2016, promossa da <span style=\"font-weight: bold;\">Roma Capitale &#8211; Sovrintendenza Capitolina ai Beni Culturali.<\/span><\/span><\/p>\n<p><!--more--><\/p>\n<p>&nbsp;<\/p>\n<p>lasciami entrare \u00e8 l&#8217;ultima tappa di un viaggio iniziato dall&#8217;artista nel 2011 a Tzippori (Sepphoris in greco antico) in Galilea, vicino a Nazareth. E&#8217; l\u00ec che, all&#8217;interno di un moshav ebraico in una zona del paese prevalentemente abitata da arabi musulmani, un piccolissimo gruppo di suore dell&#8217;Ordine delle Figlie di Sant&#8217;Anna gestisce, con operatori cristiani, ebrei e musulmani, un orfanotrofio che accoglie bambini senza alcuna distinzione di etnia o religione.<\/p>\n<p>Alessandro Valeri vuole aiutare, vuole dare il suo contributo, mettendo a disposizione la sua creativit\u00e0, la sua arte, il suo impegno. Torna laggi\u00f9 varie volte, in un crescendo di interesse e di attenzione per quell&#8217;oasi di affetti e lavoro. Attiva amici, conoscenti, scatta fotografie, registra suoni, fa riprese video, disegna con e per i bambini. Nasce <span style=\"font-weight: bold; font-style: italic;\">SEPPHORIS<\/span>, un progetto per sostenere le attivit\u00e0 di un luogo speciale per la diversit\u00e0 culturale e religiosa che rappresenta.<\/p>\n<p>Il primo importante risultato lo raggiunge nel 2015 con la mostra <span style=\"font-weight: bold; font-style: italic;\">ALESSANDRO VALERI SEPPHORIS<\/span> curata da Raffaele Gavarro e ospitata al Molino Stucky per la 56. Esposizione Internazionale d&#8217;Arte di Venezia, come evento collaterale. In mostra, in una suggestiva installazione campeggiano le grandi tele delle foto di Tzippori, sulle quali l&#8217;artista interviene con segni e colori. Opere che Valeri ha donato alla casa d&#8217;accoglienza, impegnandosi direttamente nella vendita e il cui ricavato \u00e8 servito ad acquistare beni di prima necessit\u00e0 per l&#8217;orfanotrofio.<\/p>\n<p>Il secondo traguardo \u00e8 il libro <span style=\"font-weight: bold; font-style: italic;\">SEPPHORIS<\/span> che narra il progetto attraverso testi ma soprattutto immagini. Con l&#8217;intento di raccogliere ancora fondi, l&#8217;artista da due fotografie ha realizzato una serie di 100 esemplari numerati, di 50 x 63 cm.<\/p>\n<p>Il progetto approda a Roma, negli spazi di MACRO Testaccio, La Pelanda &#8211; Foyer 1, con la mostra <span style=\"font-weight: bold; font-style: italic;\">lasciami entrare<\/span>, dove attraverso una nuova dimensione narrativa la presenza dei bambini di Tzippori si fa via via pi\u00f9 evidente e il loro mondo, fatto di sogni e speranze troppo spesso disilluse, viene raccontato in un percorso visivo dove fotografia e pittura sono immerse in un&#8217;opera di sound-design. 40.000 matite spezzate segneranno il cammino, che culminer\u00e0 in un&#8217;installazione sospesa, un vecchio banco di scuola posizionato nel vuoto per evocare il diritto all&#8217;istruzione, spesso negato. Ma non tutto \u00e8 perduto: la felicit\u00e0 si misura davanti ad una macchina per lo zucchero filato.<\/p>\n<p>La mostra, curata da Micol Veller Fornasa, <a title=\"\" name=\"_GoBack\"><\/a>prevede anche gli interventi critici di Barbara Martusciello e Jonathan Turner.<\/p>\n<p>Infine, l&#8217;ufficio didattica del MACRO organizza una serie di attivit\u00e0: il 1\u00b0giugno, in occasione della preview stampa, i bambini sono invitati a visitare la mostra e a lasciare un segno, un messaggio, un ricordo. Inoltre, fino al 24 luglio, sono previsti alcuni laboratori didattici condotti dall&#8217;artista stesso.<br \/>\nPer informazioni e prenotazioni chiamare 06-671070423\/25\/26 o mandare una mail a: <a title=\"mailto:daniela.maggiori@comune.roma.it\" href=\"mailto:daniela.maggiori@comune.roma.it\">daniela.maggiori@comune.roma.it<\/a>.<\/p>\n<p>Roma, maggio 2016<\/p>\n<p>Note biografiche:<br \/>\nAlessandro Valeri vive e lavora tra Narni, Roma e Berlino.<br \/>\nDiplomato presso l&#8217;Istituto di Stato per la cinematografia e televisione Roberto Rossellini di Roma, ha conseguito il Master presso il Centro Sperimentale di Cinematografia di Roma.<br \/>\nTra le principali mostre personali e collettive si segnalano: &#8220;Sepphoris&#8221; (2015) alla 56\u00b0 Biennale di Venezia &#8211; Eventi Collaterali, presso il Molino Stucky alla Giudecca, curata da Raffaele Gavarro; &#8220;Stai con me&#8221; (2014) alla Medio Area Gallery di Terni, curata da Mimmo Parente; &#8220;Panorama&#8221; (2013) presso il Museo PAN di Napoli, curata da Francesca Pietracci e Jonathan Turner; &#8220;Circo&#8221; (2013) presso la galleria Il Ponte Contemporanea di Roma, curata da Giuliano Matricardi; &#8220;Elettroshot&#8221; (2011) presso lo spazio espositivo delle &#8220;Cartiere Binda Milano&#8221;, curata da Achille Bonito Oliva; &#8220;Da un&#8217;intuizione teorica&#8221; (2011) docu-film, nella mostra &#8220;La Transavanguardia Italiana&#8221;, curata da Achille Bonito Oliva presso il Palazzo Reale di Milano\/MAMBO &#8211; Museo d&#8217;Arte Moderna (Bologna)\/MADRE &#8211; Museo d&#8217;Arte Contemporanea Donna Regina (Napoli)\/Accademia di San Luca (Roma)\/Galleria Nazionale d&#8217;Arte Moderna (Roma); &#8220;Esplorazioni&#8221; (2000) presso &#8220;Associazione Futuro&#8221; (Roma), curata da Ludovico Pratesi; &#8220;Progetto Oreste&#8221; (1999) presso il padiglione italiano della 48\u00b0 Biennale di Venezia, curata da Harald Szeemann; Biennale dei Giovani Artisti dell&#8217;Europa e del Mediterraneo, all&#8217;ex-Mattatoio, Roma (1998), curata da Jannis Kounellis; &#8220;Campagna d&#8217;Italia&#8221; (1995) presso il Palazzo delle Esposizioni di Roma, curata da Achille Bonito Oliva. Dalla prima met\u00e0 degli anni Novanta \u00e8 considerato uno dei pi\u00f9 importanti registi e fotografi nell&#8217;ambito della comunicazione pubblicitaria e sociale. In quest&#8217;ambito ha collaborato con le pi\u00f9 importanti agenzie, tra cui Saatchi &amp; Saatchi, McCann Erickson, Young &amp; Rubicam, Armando Testa e altre, per le quali ha realizzato campagne per i maggiori brand nazionali e internazionali tra cui Pirelli, Telecom, Fendi, Maserati, Vogue, Alitalia, The New York Times, Corriere della Sera, Poltrona Frau, BMW, ENI, Robe di Kappa, e alcune pubblicit\u00e0-progresso tra le quali quelle per il Committee for the Civil Rights of Prostitutes e Telefono Azzurro.<\/p>\n<p>SCHEDA INFORMATIVA<br \/>\nMostra: <span style=\"font-style: italic;\">lasciami entrare. <\/span>Alessandro Valeri<span style=\"font-weight: bold;\"><br \/>\nInaugurazione: 1 giugno 2016<br \/>\nApertura al pubblico: <\/span>2 giugno &#8211; 24 luglio 2016<br \/>\nCuratore: Micol Veller Fornasa<br \/>\nSede: MACRO TESTACCIO. LA PELANDA. Piazza Orazio Giustiniani, 4, Roma<br \/>\nIngresso gratuito<br \/>\nOrari: da marted\u00ec a domenica dalle ore 14.00 alle 20.00. Luned\u00ec chiuso.<br \/>\nInformazioni: 060608 \/ <a title=\"http:\/\/www.museomacro.org\/\" href=\"http:\/\/www.museomacro.org\">www.museomacro.org<\/a><br \/>\nSegui MACRO &#8211; Museo d&#8217;Arte Contemporanea Roma su Facebook e Twitter<\/p>\n<p>Sponsor Sistema Musei in Comune:<br \/>\nIn Collaborazione con MasterCard Priceless Rome<br \/>\nMedia Partner Il Messaggero<br \/>\nServizi di Vigilanza Travis Group<\/p>\n<p>INFORMAZIONI PER LA STAMPA<br \/>\nUfficio stampa mostra:<br \/>\nMaria Bonmassar<br \/>\n<a title=\"mailto:ufficiostampa@mariabonmassar.com\" href=\"mailto:ufficiostampa@mariabonmassar.com\"><span style=\"text-decoration: underline;\">ufficiostampa@mariabonmassar.com<\/span><\/a><span style=\"text-decoration: underline;\"><br \/>\n<\/span>ufficio: +39 06 4825370 \/ cellulare: + 39 335 490311<\/p>\n<p>Ufficio stampa <span style=\"font-weight: bold;\">Z\u00e8tema Progetto Cultura<\/span><span style=\"font-weight: bold;\">:<\/span><br \/>\nPatrizia Morici \/ T. +39 06 82 07 73 71 \/ M. +39 348 54 86 548<a title=\"mailto:p.morici@zetema.it\" href=\"mailto:p.morici@zetema.it\"><br \/>\n<\/a><\/td>\n<\/tr>\n<\/tbody>\n<\/table>\n<p>&nbsp;<\/p>\n","protected":false},"excerpt":{"rendered":"<p>Roma, MACRO TESTACCIO. Inaugurazione: mercoled\u00ec 1\u00b0 giugno, ore 18.30 | Apertura al pubblico: 2 giugno &#8211; 24 luglio 2016 lasciami entrare \u00e8 la mostra di Alessandro Valeri, aperta al pubblico negli spazi de La Pelanda al MACRO TESTACCIO dal 2 giugno al 24 luglio 2016, promossa da Roma Capitale &#8211; Sovrintendenza Capitolina ai Beni Culturali.<\/p>\n","protected":false},"author":3,"featured_media":2275,"comment_status":"open","ping_status":"open","sticky":false,"template":"","format":"standard","meta":{"ngg_post_thumbnail":0},"categories":[19],"tags":[],"_links":{"self":[{"href":"https:\/\/artetremila.it\/wordpress\/wp-json\/wp\/v2\/posts\/3162"}],"collection":[{"href":"https:\/\/artetremila.it\/wordpress\/wp-json\/wp\/v2\/posts"}],"about":[{"href":"https:\/\/artetremila.it\/wordpress\/wp-json\/wp\/v2\/types\/post"}],"author":[{"embeddable":true,"href":"https:\/\/artetremila.it\/wordpress\/wp-json\/wp\/v2\/users\/3"}],"replies":[{"embeddable":true,"href":"https:\/\/artetremila.it\/wordpress\/wp-json\/wp\/v2\/comments?post=3162"}],"version-history":[{"count":1,"href":"https:\/\/artetremila.it\/wordpress\/wp-json\/wp\/v2\/posts\/3162\/revisions"}],"predecessor-version":[{"id":3163,"href":"https:\/\/artetremila.it\/wordpress\/wp-json\/wp\/v2\/posts\/3162\/revisions\/3163"}],"wp:featuredmedia":[{"embeddable":true,"href":"https:\/\/artetremila.it\/wordpress\/wp-json\/wp\/v2\/media\/2275"}],"wp:attachment":[{"href":"https:\/\/artetremila.it\/wordpress\/wp-json\/wp\/v2\/media?parent=3162"}],"wp:term":[{"taxonomy":"category","embeddable":true,"href":"https:\/\/artetremila.it\/wordpress\/wp-json\/wp\/v2\/categories?post=3162"},{"taxonomy":"post_tag","embeddable":true,"href":"https:\/\/artetremila.it\/wordpress\/wp-json\/wp\/v2\/tags?post=3162"}],"curies":[{"name":"wp","href":"https:\/\/api.w.org\/{rel}","templated":true}]}}