{"id":3189,"date":"2016-06-03T08:45:30","date_gmt":"2016-06-03T08:45:30","guid":{"rendered":"http:\/\/artetremila.it\/wordpress\/?p=3189"},"modified":"2016-06-03T08:45:30","modified_gmt":"2016-06-03T08:45:30","slug":"made-in-ex-ghetto-vi-edizione","status":"publish","type":"post","link":"https:\/\/artetremila.it\/wordpress\/made-in-ex-ghetto-vi-edizione\/","title":{"rendered":"Made in Ex Ghetto &#8211; VI edizione"},"content":{"rendered":"<div dir=\"ltr\">\n<div>\n<p align=\"justify\"><span style=\"font-family: Helvetica,Arial,sans-serif;\">Per il sesto anno consecutivo, sabato <\/span><span style=\"font-family: Helvetica,Arial,sans-serif;\"><span style=\"font-size: small;\"><b>11 giugno 2016<\/b><\/span><\/span><span style=\"font-family: Helvetica,Arial,sans-serif;\"> la suggestiva area dell&#8217;<\/span><span style=\"font-family: Helvetica,Arial,sans-serif;\"><span style=\"font-size: small;\"><b>Ex Ghetto di Bologna<\/b><\/span><\/span><span style=\"font-family: Helvetica,Arial,sans-serif;\"> ospiter\u00e0 un ricco calendario di eventi che si snoder\u00e0 nello spazio urbano, coinvolgendo anche ben 21 attivit\u00e0 artigianali e commerciali che, per l&#8217;occasione, prolungheranno il loro orario d&#8217;apertura in fascia serale.<\/span><\/p>\n<p><!--more--><\/p>\n<p><a href=\"http:\/\/artetremila.it\/blog\/wp-content\/uploads\/2016\/06\/bannerloc.jpg\"><img decoding=\"async\" loading=\"lazy\" class=\"alignnone size-medium wp-image-3108\" src=\"http:\/\/artetremila.it\/blog\/wp-content\/uploads\/2016\/06\/bannerloc-300x224.jpg\" alt=\"bannerloc\" width=\"300\" height=\"224\" data-id=\"3108\" \/><\/a><\/p>\n<p align=\"justify\"><span style=\"font-family: Helvetica,Arial,sans-serif;\">Organizzato con il sostegno di <\/span><span style=\"font-family: Helvetica,Arial,sans-serif;\"><span style=\"font-size: small;\"><b>CNA Bologna<\/b><\/span><\/span><span style=\"font-family: Helvetica,Arial,sans-serif;\"> e <\/span><span style=\"font-family: Helvetica,Arial,sans-serif;\"><span style=\"font-size: small;\"><b>Confcommercio Ascom Bologna <\/b><\/span><\/span><span style=\"font-family: Helvetica,Arial,sans-serif;\">con il patrocinio del <b>Quartiere San Vitale<\/b>, la sesta edizione di <\/span><span style=\"font-family: Helvetica,Arial,sans-serif;\"><span style=\"font-size: small;\"><i><b>Made in Ex Ghetto<\/b><\/i><\/span><\/span><span style=\"font-family: Helvetica,Arial,sans-serif;\"> avr\u00e0 luogo <\/span><span style=\"font-family: Helvetica,Arial,sans-serif;\"><span style=\"font-size: small;\"><b>dalle 17.00 alle 23.00<\/b><\/span><\/span><span style=\"font-family: Helvetica,Arial,sans-serif;\">, proponendo eventi musicali, mostre, performance, videoproiezioni e un&#8217;area dedicata ai bambini tra i vicoli e le piazzette che punteggiano l&#8217;area sotto le due torri. A corollario, le storiche botteghe artigianali apriranno le loro porte al pubblico svelando antiche tecniche di lavorazione, mentre le attivit\u00e0 commerciali si trasformeranno in contenitori di eventi culturali.<\/span><\/p>\n<p align=\"justify\"><a href=\"http:\/\/artetremila.it\/blog\/wp-content\/uploads\/2016\/06\/Made_in_Ghetto_20161.jpg\"><img decoding=\"async\" loading=\"lazy\" class=\"alignnone size-medium wp-image-3111\" src=\"http:\/\/artetremila.it\/blog\/wp-content\/uploads\/2016\/06\/Made_in_Ghetto_20161-300x114.jpg\" alt=\"Made_in_Ghetto_20161\" width=\"300\" height=\"114\" data-id=\"3111\" \/><\/a><\/p>\n<p align=\"justify\"><span style=\"font-family: Helvetica,Arial,sans-serif;\"><b>Eventi musicali<\/b><\/span><\/p>\n<p align=\"justify\"><span style=\"font-family: Helvetica,Arial,sans-serif;\">Equamente suddivisi tra live e DJ set, sono quattro gli eventi musicali previsti, che si svolgeranno dalle 17 alle 23 tra piazzetta Marco Biagi e via de&#8217; Giudei.<\/span><\/p>\n<p align=\"justify\"><span style=\"font-family: Helvetica,Arial,sans-serif;\">I primi musicisti ad esibirsi saranno <\/span><span style=\"font-family: Helvetica,Arial,sans-serif;\"><span style=\"font-size: small;\"><b>The Providers<\/b><\/span><\/span><span style=\"font-family: Helvetica,Arial,sans-serif;\">, gruppo soft rock d&#8217;autore composto da Paolo Inzaina (chitarra e voce), Paolo Albano (chitarra), Franco Barletta (basso e cori) e Giacomo Calabria (batteria e cori); il live \u00e8 previsto dalle 17.30 alle 23 in via de&#8217; Giudei.<\/span><\/p>\n<p align=\"justify\"><span style=\"font-family: Helvetica,Arial,sans-serif;\">Alle 21.30, in piazzetta Marco Biagi, entrer\u00e0 invece in scena <\/span><span style=\"font-family: Helvetica,Arial,sans-serif;\"><span style=\"font-size: small;\"><b>Arama<\/b><\/span><\/span><span style=\"font-family: Helvetica,Arial,sans-serif;\">, trio nato nel 2013 dal desiderio di raccontare attraverso la musica il complesso e variegato mondo che si affaccia sul bacino del Mediterraneo. Il gruppo \u00e8 composto dalla chitarrista, musicoterapista e ricercatrice musicale Laura Francaviglia, dalla cantante Chiara Trapanese e dall&#8217;etnomusicologo e fisarmonicista Elio Pugliese.<\/span><\/p>\n<p align=\"justify\"><span style=\"font-family: Helvetica,Arial,sans-serif;\">Alla consolle si alterneranno invece i DJ set di Benedetta Cucci aka <\/span><span style=\"font-family: Helvetica,Arial,sans-serif;\"><span style=\"font-size: small;\"><b>Bebe la Maitresse<\/b><\/span><\/span><span style=\"font-family: Helvetica,Arial,sans-serif;\"> e <\/span><span style=\"font-family: Helvetica,Arial,sans-serif;\"><span style=\"font-size: small;\"><b>Alice Malice<\/b><\/span><\/span><span style=\"font-family: Helvetica,Arial,sans-serif;\">. Dalle 17 alle 19 in piazzetta Marco Biagi, la prima proporr\u00e0 musica in vinile suonata con le fonovaligie, ossia i giradischi portatili racchiusi in una valigia con le casse incorporate, molto diffuse negli anni Sessanta e Settanta. Successivamente sar\u00e0 il turno di Alice Malice, a partire dalle 19.30 nel dehor di Camera a Sud.<\/span><\/p>\n<p align=\"justify\"><span style=\"font-family: Helvetica,Arial,sans-serif;\"><span style=\"font-size: 11pt;\"><b>Mostre<\/b><\/span><\/span><\/p>\n<p align=\"justify\"><span style=\"font-family: Helvetica,Arial,sans-serif; text-align: center;\">Incentrate sul design e sulle arti visive, quattro sono le mostre in programma, che si snoderanno tra via Canonica, via del Carro e via dell&#8217;Inferno.<\/span><\/p>\n<p align=\"justify\"><span style=\"font-family: Helvetica,Arial,sans-serif;\">Martino Design (via Canonica 1\/a) ospiter\u00e0 l&#8217;e<\/span><span style=\"font-family: Helvetica,Arial,sans-serif;\">sposizione di <\/span><span style=\"font-family: Helvetica,Arial,sans-serif;\"><span style=\"font-size: small;\"><b>Andrea Merendi<\/b><\/span><\/span> <span style=\"font-family: Helvetica,Arial,sans-serif;\"><span style=\"font-size: small;\"><i><b>L&#8217;esplosione dei fiori<\/b><\/i><\/span><\/span><span style=\"font-family: Helvetica,Arial,sans-serif;\">. Flower designer e stylist, Merendi \u00e8 da molti definito il \u201cpoeta della carta crespa\u201d per le sue creazioni floreali in cellulosa ormai conosciute a livello europeo.<\/span><\/p>\n<p align=\"justify\"><span style=\"font-family: Helvetica,Arial,sans-serif;\">Sempre in via Canonica, al civico 1, lo spazio esterno attiguo a Krespo si popoler\u00e0 delle illustrazioni di <\/span><span style=\"font-family: Helvetica,Arial,sans-serif;\"><span style=\"font-size: small;\"><b>Antonio Bonanno<\/b><\/span><\/span><span style=\"font-family: Helvetica,Arial,sans-serif;\">, che proporr\u00e0 una selezione di tavole tra quelle pubblicate nei due volumi editi da Logos Edizioni <\/span><span style=\"font-family: Helvetica,Arial,sans-serif;\"><span style=\"font-size: small;\"><i><b>Mustacchi<\/b><\/i><\/span><\/span><i> <\/i><span style=\"font-family: Helvetica,Arial,sans-serif;\">e<\/span><i> <\/i><span style=\"font-family: Helvetica,Arial,sans-serif;\"><span style=\"font-size: small;\"><i><b>Coiffures<\/b><\/i><\/span><\/span><span style=\"font-family: Helvetica,Arial,sans-serif;\"><span style=\"font-size: small;\"><i>.<\/i><\/span><\/span><\/p>\n<p align=\"justify\"><span style=\"font-family: Helvetica,Arial,sans-serif;\">Le eleganti donne dei ruggenti anni Cinquanta saranno invece protagoniste della mostra ospitata a Inferno 16: <\/span><span style=\"font-family: Helvetica,Arial,sans-serif;\"><span style=\"font-size: small;\"><i><b>Collage Vintage<\/b><\/i><\/span><\/span><i> <\/i><span style=\"text-align: center; font-family: Helvetica,Arial,sans-serif;\">di <\/span><span style=\"text-align: center; font-family: Helvetica,Arial,sans-serif;\"><span style=\"font-size: small;\"><b>Maria Grazia Preda<\/b><\/span><\/span><span style=\"font-family: Helvetica,Arial,sans-serif;\">. Realizzati a partire da riviste pubblicate tra il 1950 e il 1962, i collage in mostra sono pezzi unici incentrati sulla figura femminile, di cui viene messa in risalto l&#8217;eleganza senza tempo, la forza positiva e l&#8217;ironia, ottenuta attraverso accostamenti testuali estremamente contemporanei.<\/span><\/p>\n<p align=\"justify\"><span style=\"font-family: Helvetica,Arial,sans-serif;\">In via del Carro, Arteggiando ospiter\u00e0 infine <\/span><span style=\"font-family: Helvetica,Arial,sans-serif;\"><span style=\"font-size: small;\"><i><b>10 studi<\/b><\/i><\/span><\/span><span style=\"font-family: Helvetica,Arial,sans-serif;\">, personale di <\/span><span style=\"font-family: Helvetica,Arial,sans-serif;\"><span style=\"font-size: small;\"><b>Alessandro Giusberti<\/b><\/span><\/span><span style=\"font-family: Helvetica,Arial,sans-serif;\">. Pittore che lavora generalmente ad olio su tela in grande formato, i suoi <\/span><span style=\"color: #000000;\"><span style=\"font-family: Helvetica,Arial,sans-serif;\">soggetti ricorrenti sono sostanzialmente paesaggi urbani e figure che emergono dallo sfondo di vedute di citt\u00e0 appena accennate.<\/span><\/span><\/p>\n<p align=\"justify\"><span style=\"color: #000000;\"><span style=\"font-family: Helvetica,Arial,sans-serif;\"><b>Eventi nello spazio urbano<\/b><\/span><\/span><\/p>\n<p align=\"justify\"><span style=\"color: #000000;\"><span style=\"font-family: Helvetica,Arial,sans-serif;\">La fascia oraria pomeridiana prevede una particolare attenzione ai pi\u00f9 piccoli, a cui sar\u00e0 dedicata un&#8217;<\/span><\/span><span style=\"color: #000000;\"><span style=\"font-family: Helvetica,Arial,sans-serif;\"><span style=\"font-size: small;\"><b>area bimbi<\/b><\/span><\/span><\/span><span style=\"color: #000000;\"><span style=\"font-family: Helvetica,Arial,sans-serif;\"> in via dell&#8217;Inferno a cura della Citt\u00e0 del sole. In questo contesto, dalle 17 alle 21, l&#8217;educatrice Noemi Bermani condurr\u00e0 due <\/span><\/span><span style=\"color: #000000;\"><span style=\"font-family: Helvetica,Arial,sans-serif;\"><span style=\"font-size: small;\"><b>laboratori metodo Munari<\/b><\/span><\/span><\/span><span style=\"color: #000000;\"><span style=\"font-family: Trebuchet MS,sans-serif;\"><span style=\"font-size: 11pt;\">\u00ae<\/span><\/span><\/span><span style=\"color: #000000;\"><span style=\"font-family: Helvetica,Arial,sans-serif;\"> dedicati ai bambini di tutte le et\u00e0. Sar\u00e0 presente contemporaneamente anche un <\/span><\/span><span style=\"color: #000000;\"><span style=\"font-family: Helvetica,Arial,sans-serif;\"><span style=\"font-size: small;\"><b>truccabimbi<\/b><\/span><\/span><\/span><span style=\"color: #000000;\"><span style=\"font-family: Helvetica,Arial,sans-serif;\">.<\/span><\/span><\/p>\n<p align=\"justify\"><span style=\"color: #000000;\"><span style=\"font-family: Helvetica,Arial,sans-serif;\">Nei pressi dell&#8217;area bimbi, negli stessi orari, <\/span><\/span><span style=\"color: #000000;\"><span style=\"font-family: Helvetica,Arial,sans-serif;\"><span style=\"font-size: small;\"><b>Petronella Ortmann <\/b><\/span><\/span><\/span><span style=\"color: #000000;\"><span style=\"font-family: Helvetica,Arial,sans-serif;\">proporr\u00e0 <\/span><\/span><span style=\"color: #000000;\"><span style=\"font-family: Helvetica,Arial,sans-serif;\"><span style=\"font-size: small;\"><i><b>Ticchettio poetico<\/b><\/i><\/span><\/span><\/span><span style=\"color: #000000;\"><span style=\"font-family: Helvetica,Arial,sans-serif;\">, performance poetica realizzata con una vecchia macchina da scrivere.<\/span><\/span><\/p>\n<p align=\"justify\"><span style=\"color: #000000;\"><span style=\"font-family: Helvetica,Arial,sans-serif;\">Parallelamente, la zona tra via Canonica e via dell&#8217;Inferno sar\u00e0 occupata dalle <\/span><\/span><span style=\"color: #000000;\"><span style=\"font-family: Helvetica,Arial,sans-serif;\"><span style=\"font-size: small;\"><b>Sculture sonore <\/b><\/span><\/span><\/span><span style=\"color: #000000;\"><span style=\"font-family: Helvetica,Arial,sans-serif;\">dell&#8217;associazione RibellArti. Pi\u00f9 nello specifico, dalle 17 alle 21 la performer e scultrice Abra Degli Esposti sar\u00e0 accompagnata da un bagno sonoro di gong eseguito da Enrico Melli e dal ritmo delle percussioni dell&#8217;hang, suonato da Lorenzo Guagliumi.<\/span><\/span><\/p>\n<p align=\"justify\"><span style=\"color: #000000;\"><span style=\"font-family: Helvetica,Arial,sans-serif;\">In via del Carro sar\u00e0 allestita una <\/span><\/span><span style=\"color: #000000;\"><span style=\"font-family: Helvetica,Arial,sans-serif;\"><span style=\"font-size: small;\"><b>book station <\/b><\/span><\/span><\/span><span style=\"color: #000000;\"><span style=\"font-family: Helvetica,Arial,sans-serif;\">a cura dell&#8217;associazione <\/span><\/span><span style=\"color: #000000;\"><span style=\"font-family: Helvetica,Arial,sans-serif;\"><span style=\"font-size: small;\"><b>Equi-Libristi<\/b><\/span><\/span><\/span><span style=\"color: #000000;\"><span style=\"font-family: Helvetica,Arial,sans-serif;\">, che si occupa del recupero di libri destinati al macero al fine di rimetterli in circolo gratuitamente nei luoghi pubblici.<\/span><\/span><b> <\/b><span style=\"color: #000000;\"><span style=\"font-family: Helvetica,Arial,sans-serif;\">Qui, chiunque potr\u00e0 prelevare gratuitamente uno o pi\u00f9 volumi.<\/span><\/span><\/p>\n<p align=\"justify\"><span style=\"color: #000000;\"><span style=\"font-family: Helvetica,Arial,sans-serif;\">Nella fascia oraria serale (21 \u2013 23), invece, protagoniste saranno le videoproiezioni, concentrate in due diverse zone. Via dell&#8217;Inferno sar\u00e0 occupata da <\/span><\/span><span style=\"color: #000000;\"><span style=\"font-family: Helvetica,Arial,sans-serif;\"><span style=\"font-size: small;\"><b>Cheap<\/b><\/span><\/span><\/span><span style=\"color: #000000;\"><span style=\"font-family: Helvetica,Arial,sans-serif;\">, festival di street poster art giunto quest&#8217;anno alla sua quarta edizione bolognese, mentre via del Carro ospiter\u00e0 le immagini d&#8217;archivio di <\/span><\/span><span style=\"color: #000000;\"><span style=\"font-family: Helvetica,Arial,sans-serif;\"><span style=\"font-size: small;\"><b>Home Movies<\/b><\/span><\/span><\/span><span style=\"color: #000000;\"><span style=\"font-family: Helvetica,Arial,sans-serif;\">, che proporr\u00e0 una selezione incentrata sulla Bologna del passato.<\/span><\/span><\/p>\n<p align=\"justify\"><span style=\"color: #000000;\"><span style=\"font-family: Helvetica,Arial,sans-serif;\">Alle 21.30 via Canonica ospiter\u00e0 la <\/span><\/span><span style=\"color: #000000;\"><span style=\"font-family: Helvetica,Arial,sans-serif;\"><span style=\"font-size: small;\"><b>sfilata<\/b><\/span><\/span><\/span><span style=\"color: #000000;\"><span style=\"font-family: Helvetica,Arial,sans-serif;\"> della stilista e costumista originaria dell&#8217;Angola <\/span><\/span><span style=\"color: #000000;\"><span style=\"font-family: Helvetica,Arial,sans-serif;\"><span style=\"font-size: small;\"><b>Julieta Manassas<\/b><\/span><\/span><\/span><span style=\"color: #000000;\"><span style=\"font-family: Helvetica,Arial,sans-serif;\">.<\/span><\/span><\/p>\n<p align=\"justify\"><span style=\"color: #000000;\"><span style=\"font-family: Helvetica,Arial,sans-serif;\">In caso di maltempo, Made in Ex Ghetto sar\u00e0 rimandato al sabato successivo 18 giugno.<\/span><\/span><\/p>\n<p style=\"text-align: center;\" align=\"justify\"><strong>LIBRI CONSIGLIATI:<br \/>\n<\/strong><\/p>\n<p align=\"justify\"><a href=\"http:\/\/artetremila.it\/blog\/wp-content\/uploads\/2016\/02\/La-valle-dell\u2019amore_Fronte.jpg\"><img decoding=\"async\" loading=\"lazy\" class=\"alignnone size-medium wp-image-2878\" src=\"http:\/\/artetremila.it\/blog\/wp-content\/uploads\/2016\/02\/La-valle-dell\u2019amore_Fronte-212x300.jpg\" alt=\"La valle dell\u2019amore_Fronte\" width=\"212\" height=\"300\" data-id=\"2878\" \/><\/a><a href=\"http:\/\/artetremila.it\/blog\/wp-content\/uploads\/2016\/06\/Ilcoloreelapaurafronte.jpg\"> <img decoding=\"async\" loading=\"lazy\" class=\"alignnone size-medium wp-image-3112\" src=\"http:\/\/artetremila.it\/blog\/wp-content\/uploads\/2016\/06\/Ilcoloreelapaurafronte-211x300.jpg\" alt=\"Ilcoloreelapaurafronte\" width=\"211\" height=\"300\" data-id=\"3112\" \/> <\/a><\/p>\n<\/div>\n<\/div>\n<p>&nbsp;<\/p>\n","protected":false},"excerpt":{"rendered":"<p>Per il sesto anno consecutivo, sabato 11 giugno 2016 la suggestiva area dell&#8217;Ex Ghetto di Bologna ospiter\u00e0 un ricco calendario di eventi che si snoder\u00e0 nello spazio urbano, coinvolgendo anche ben 21 attivit\u00e0 artigianali e commerciali che, per l&#8217;occasione, prolungheranno il loro orario d&#8217;apertura in fascia serale.<\/p>\n","protected":false},"author":3,"featured_media":3190,"comment_status":"open","ping_status":"open","sticky":false,"template":"","format":"standard","meta":{"ngg_post_thumbnail":0},"categories":[19],"tags":[],"_links":{"self":[{"href":"https:\/\/artetremila.it\/wordpress\/wp-json\/wp\/v2\/posts\/3189"}],"collection":[{"href":"https:\/\/artetremila.it\/wordpress\/wp-json\/wp\/v2\/posts"}],"about":[{"href":"https:\/\/artetremila.it\/wordpress\/wp-json\/wp\/v2\/types\/post"}],"author":[{"embeddable":true,"href":"https:\/\/artetremila.it\/wordpress\/wp-json\/wp\/v2\/users\/3"}],"replies":[{"embeddable":true,"href":"https:\/\/artetremila.it\/wordpress\/wp-json\/wp\/v2\/comments?post=3189"}],"version-history":[{"count":1,"href":"https:\/\/artetremila.it\/wordpress\/wp-json\/wp\/v2\/posts\/3189\/revisions"}],"predecessor-version":[{"id":3191,"href":"https:\/\/artetremila.it\/wordpress\/wp-json\/wp\/v2\/posts\/3189\/revisions\/3191"}],"wp:featuredmedia":[{"embeddable":true,"href":"https:\/\/artetremila.it\/wordpress\/wp-json\/wp\/v2\/media\/3190"}],"wp:attachment":[{"href":"https:\/\/artetremila.it\/wordpress\/wp-json\/wp\/v2\/media?parent=3189"}],"wp:term":[{"taxonomy":"category","embeddable":true,"href":"https:\/\/artetremila.it\/wordpress\/wp-json\/wp\/v2\/categories?post=3189"},{"taxonomy":"post_tag","embeddable":true,"href":"https:\/\/artetremila.it\/wordpress\/wp-json\/wp\/v2\/tags?post=3189"}],"curies":[{"name":"wp","href":"https:\/\/api.w.org\/{rel}","templated":true}]}}