{"id":3231,"date":"2016-07-03T08:35:56","date_gmt":"2016-07-03T08:35:56","guid":{"rendered":"http:\/\/artetremila.it\/wordpress\/?p=3231"},"modified":"2016-07-03T08:35:56","modified_gmt":"2016-07-03T08:35:56","slug":"napoli-in-arte-mostra","status":"publish","type":"post","link":"https:\/\/artetremila.it\/wordpress\/napoli-in-arte-mostra\/","title":{"rendered":"Napoli in Arte &#8211; Mostra"},"content":{"rendered":"<p style=\"text-align: justify;\">\u00a0<em>Napoli in Arte, una mostra a cura di Sabrina Falzone <\/em>Dal 5 \u00a0all\u201911 luglio 2016<br \/>\n<em>Espongono gli artisti: <\/em>CINTA AGELL, ESTHER ARNUELOS, TERESA BELTRAN, MONTSE, BOSCH, CAVEDO, MARTINA CANTERO, MERCEDES CASADO, ROSALIA COLOMER,<\/p>\n<p style=\"text-align: justify;\">RUB\u00c9N DOMINGUEZ, HEBER LUIS GIL, CLARA GR\u00c0CIA, HIGUERA PEPITA MANZANARES, MARTA ROURICH, ANA SOLANAS, GEORGETA STEFANESCU, ANDR\u00c9S VIJANDE<!--more--><\/p>\n<p style=\"text-align: justify;\"><a href=\"http:\/\/artetremila.it\/wordpress\/wp-content\/uploads\/2016\/07\/rosalia_colomer.jpg\"><img decoding=\"async\" loading=\"lazy\" class=\"alignnone wp-image-3237\" src=\"http:\/\/artetremila.it\/wordpress\/wp-content\/uploads\/2016\/07\/rosalia_colomer-222x300.jpg\" alt=\"rosalia_colomer\" width=\"140\" height=\"189\" data-id=\"3237\" srcset=\"https:\/\/artetremila.it\/wordpress\/wp-content\/uploads\/2016\/07\/rosalia_colomer-222x300.jpg 222w, https:\/\/artetremila.it\/wordpress\/wp-content\/uploads\/2016\/07\/rosalia_colomer.jpg 711w\" sizes=\"(max-width: 140px) 100vw, 140px\" \/><\/a>\u00a0\u00a0\u00a0\u00a0\u00a0\u00a0\u00a0 <a href=\"http:\/\/artetremila.it\/wordpress\/wp-content\/uploads\/2016\/07\/dscn1347.jpg\"><img decoding=\"async\" loading=\"lazy\" class=\"alignnone wp-image-3235\" src=\"http:\/\/artetremila.it\/wordpress\/wp-content\/uploads\/2016\/07\/dscn1347-300x225.jpg\" alt=\"dscn1347\" width=\"200\" height=\"150\" data-id=\"3235\" srcset=\"https:\/\/artetremila.it\/wordpress\/wp-content\/uploads\/2016\/07\/dscn1347-300x225.jpg 300w, https:\/\/artetremila.it\/wordpress\/wp-content\/uploads\/2016\/07\/dscn1347-768x576.jpg 768w, https:\/\/artetremila.it\/wordpress\/wp-content\/uploads\/2016\/07\/dscn1347-1024x768.jpg 1024w, https:\/\/artetremila.it\/wordpress\/wp-content\/uploads\/2016\/07\/dscn1347.jpg 1180w\" sizes=\"(max-width: 200px) 100vw, 200px\" \/><\/a>\u00a0\u00a0\u00a0\u00a0\u00a0 \u00a0 <a href=\"http:\/\/artetremila.it\/wordpress\/wp-content\/uploads\/2016\/07\/mercedes_casado.jpg\"><img decoding=\"async\" loading=\"lazy\" class=\"alignnone wp-image-3236\" src=\"http:\/\/artetremila.it\/wordpress\/wp-content\/uploads\/2016\/07\/mercedes_casado-300x181.jpg\" alt=\"mercedes_casado\" width=\"240\" height=\"145\" data-id=\"3236\" srcset=\"https:\/\/artetremila.it\/wordpress\/wp-content\/uploads\/2016\/07\/mercedes_casado-300x181.jpg 300w, https:\/\/artetremila.it\/wordpress\/wp-content\/uploads\/2016\/07\/mercedes_casado-768x464.jpg 768w, https:\/\/artetremila.it\/wordpress\/wp-content\/uploads\/2016\/07\/mercedes_casado-500x300.jpg 500w, https:\/\/artetremila.it\/wordpress\/wp-content\/uploads\/2016\/07\/mercedes_casado.jpg 960w\" sizes=\"(max-width: 240px) 100vw, 240px\" \/><\/a><\/p>\n<p style=\"text-align: justify;\">Nella culla della cultura partenopea approda il progetto espositivo d\u2019Arte Itinerante \u201cNapoli in Arte\u201d \u00e8 un evento in collaborazione con Art Nou, con allestimenti a cura dell&#8217;\u00e9quipe organizzativa di Sabrina Falzone.<\/p>\n<p style=\"text-align: justify;\">Per l\u2019occasione Sabrina Falzone ha scelto alcuni artisti internazionali: Cinta Agell, Esther Arnuelos, Teresa Beltr\u00e0n, Montse Bosch Cavedo, Martina Cantero, Mercedes Casado, Rosalia Colomer, Rub\u00e9n Dominguez, Heber Luis Gil, Clara Gr\u00e0cia, Higuera, Pepita Manzanares, Marta Rourich, Ana Solanas, Georgeta Stefanescu e Andr\u00e9s Vijande.<\/p>\n<p style=\"text-align: justify;\">Maestre del figurativo, Cinta Agell e Montse Bosch Cavedo, propongono nuovi scenari naturali sul filo nostalgico della memoria. Il calore emotivo dei paesaggi di Pepita Manzanares restituisce un\u2019immagine autentica della natura, rielaborata interiormente. Emozionano i paesaggi dell\u2019anima, creati da Esther Arnuelos, che sprigionano atmosfere sospese tra il viaggio e il silenzio. Dall\u2019oscurit\u00e0 Andr\u00e9s Vijande, invece, riesce a elogiare la realt\u00e0 urbana con l\u2019ausilio della luce, attribuendole un grande potere comunicativo. Il paesaggio diventa un connubio di passionalit\u00e0 tra gioia e malinconia nel sapiente equilibrio pittorico che Clara Gr\u00e0cia \u00e8 capace di donare all\u2019opera d\u2019arte.<\/p>\n<p style=\"text-align: justify;\">Figure mistiche si ergono dall\u2019ombra nell\u2019opera di Higuera, creando una sensazione di attesa. La mostra prosegue con la figura femminile realizzata da Ana Solanas con grazia ed eleganza, che conferisce all\u2019esposizione un tocco di raffinatezza. Molto diverso \u00e8 il dipinto presentato da Heber Luis Gil che con ironia e vitalit\u00e0 cromatica esprime le proprie potenzialit\u00e0 espressive. Rub\u00e9n Dominguez si distingue per una pittura disinvolta e spigliata, che rivela un approccio spontaneo e sincero verso l\u2019arte. Da non dimenticare, poi, la morbidezza del tratto di Teresa Beltr\u00e0n in grado di rievocare una sensazione di calma e serenit\u00e0 nell\u2019enfasi del movimento.<\/p>\n<p style=\"text-align: justify;\">Nella sezione astratta della mostra da un lato \u00e8 possibile imbattersi nell\u2019impeto cromatico di Mercedes Casado, che osa negli accostamenti cromatici e nella rapidit\u00e0 esecutiva; dall\u2019altro lato il visitatore noter\u00e0 l\u2019estrema pacatezza pittorica e morbidezza segnica della mano di Rosalia Colomer, che arriva ad un suggestivo languore pittorico. Ma le sorpese non finiscono qui, perch\u00e9 a meravigliare il fruitore sar\u00e0 anche un dipinto firmato Martina Cantero, straordinario nell\u2019esplosione della luce. Inoltre, anche Marta Rourich \u00e8 riuscita a regalare una piacevolezza d\u2019insieme al suo quadro, donando alla rappresentazione un carattere di singolarit\u00e0 e unicit\u00e0.<\/p>\n<p style=\"text-align: justify;\">Infine, le opere di Georgeta Stefanescu lasceranno i visitatori di stucco per la loro stravaganza e originalit\u00e0 non solo nel contenuto ma soprattutto nella tecnica artistica inedita. Questa mostra sar\u00e0 inaugurata prossimamente a Mantova, dove si terr\u00e0 un vernissage unico del trittico di mostre del progetto d\u2019arte itinerante, ma sar\u00e0 possibile visitarla in anteprima a Napoli sino all\u201911 luglio.<\/p>\n<p style=\"text-align: justify;\">Presso Galleria Serio<\/p>\n<p style=\"text-align: justify;\">Via Oberdan 8, NAPOLI<\/p>\n<p style=\"text-align: justify;\">Orari di apertura: marted\u00ec 5 giugno ore 16:30\/19:30 e da luned\u00ec a sabato ore 10:30-13:00 e 16:30\/19:30<\/p>\n<p style=\"text-align: justify;\"><a href=\"http:\/\/www.sabrinafalzone.info\/\">www.sabrinafalzone.info<\/a><\/p>\n<p style=\"text-align: justify;\">Ufficio stampa: Sabrina Falzone<\/p>\n<p style=\"text-align: justify;\">Arte e Comunicazione<\/p>\n<p style=\"text-align: justify;\"><a href=\"mailto:ufficiostampa@sabrinafalzone.info\">ufficiostampa@sabrinafalzone.info<\/a><\/p>\n<p style=\"text-align: justify;\">\n<p style=\"text-align: center;\"><strong>INVITO ALLA LETTURA<\/strong><\/p>\n<p style=\"text-align: center;\"><a href=\"http:\/\/www.antipodes.it\/prodotti\/scheda-prodotto.asp?id=100\"><img decoding=\"async\" loading=\"lazy\" class=\"alignnone size-medium wp-image-3141\" src=\"http:\/\/artetremila.it\/wordpress\/wp-content\/uploads\/2016\/02\/La-valle-dell\u2019amore_Fronte-213x300.jpg\" alt=\"La valle dell\u2019amore_Fronte\" width=\"213\" height=\"300\" data-id=\"3141\" srcset=\"https:\/\/artetremila.it\/wordpress\/wp-content\/uploads\/2016\/02\/La-valle-dell\u2019amore_Fronte-213x300.jpg 213w, https:\/\/artetremila.it\/wordpress\/wp-content\/uploads\/2016\/02\/La-valle-dell\u2019amore_Fronte-768x1083.jpg 768w, https:\/\/artetremila.it\/wordpress\/wp-content\/uploads\/2016\/02\/La-valle-dell\u2019amore_Fronte-726x1024.jpg 726w, https:\/\/artetremila.it\/wordpress\/wp-content\/uploads\/2016\/02\/La-valle-dell\u2019amore_Fronte.jpg 1830w\" sizes=\"(max-width: 213px) 100vw, 213px\" \/><\/a><\/p>\n<p style=\"text-align: justify;\">\n<p>&nbsp;<\/p>\n","protected":false},"excerpt":{"rendered":"<p>\u00a0Napoli in Arte, una mostra a cura di Sabrina Falzone Dal 5 \u00a0all\u201911 luglio 2016 Espongono gli artisti: CINTA AGELL, ESTHER ARNUELOS, TERESA BELTRAN, MONTSE, BOSCH, CAVEDO, MARTINA CANTERO, MERCEDES CASADO, ROSALIA COLOMER, RUB\u00c9N DOMINGUEZ, HEBER LUIS GIL, CLARA GR\u00c0CIA, HIGUERA PEPITA MANZANARES, MARTA ROURICH, ANA SOLANAS, GEORGETA STEFANESCU, ANDR\u00c9S VIJANDE<\/p>\n","protected":false},"author":3,"featured_media":3190,"comment_status":"open","ping_status":"open","sticky":false,"template":"","format":"standard","meta":{"ngg_post_thumbnail":0},"categories":[19],"tags":[],"_links":{"self":[{"href":"https:\/\/artetremila.it\/wordpress\/wp-json\/wp\/v2\/posts\/3231"}],"collection":[{"href":"https:\/\/artetremila.it\/wordpress\/wp-json\/wp\/v2\/posts"}],"about":[{"href":"https:\/\/artetremila.it\/wordpress\/wp-json\/wp\/v2\/types\/post"}],"author":[{"embeddable":true,"href":"https:\/\/artetremila.it\/wordpress\/wp-json\/wp\/v2\/users\/3"}],"replies":[{"embeddable":true,"href":"https:\/\/artetremila.it\/wordpress\/wp-json\/wp\/v2\/comments?post=3231"}],"version-history":[{"count":6,"href":"https:\/\/artetremila.it\/wordpress\/wp-json\/wp\/v2\/posts\/3231\/revisions"}],"predecessor-version":[{"id":3240,"href":"https:\/\/artetremila.it\/wordpress\/wp-json\/wp\/v2\/posts\/3231\/revisions\/3240"}],"wp:featuredmedia":[{"embeddable":true,"href":"https:\/\/artetremila.it\/wordpress\/wp-json\/wp\/v2\/media\/3190"}],"wp:attachment":[{"href":"https:\/\/artetremila.it\/wordpress\/wp-json\/wp\/v2\/media?parent=3231"}],"wp:term":[{"taxonomy":"category","embeddable":true,"href":"https:\/\/artetremila.it\/wordpress\/wp-json\/wp\/v2\/categories?post=3231"},{"taxonomy":"post_tag","embeddable":true,"href":"https:\/\/artetremila.it\/wordpress\/wp-json\/wp\/v2\/tags?post=3231"}],"curies":[{"name":"wp","href":"https:\/\/api.w.org\/{rel}","templated":true}]}}