{"id":3282,"date":"2016-07-15T08:07:17","date_gmt":"2016-07-15T08:07:17","guid":{"rendered":"http:\/\/artetremila.it\/wordpress\/?p=3282"},"modified":"2016-07-15T15:06:40","modified_gmt":"2016-07-15T15:06:40","slug":"lartista-eva-shunk-premiata-da-artetremila","status":"publish","type":"post","link":"https:\/\/artetremila.it\/wordpress\/lartista-eva-shunk-premiata-da-artetremila\/","title":{"rendered":"L&#8217;artista Eva SHUNK premiata da Artetremila."},"content":{"rendered":"<p>L&#8217;associazione Culturale Artetremila attribuisce per l&#8217;anno 2016 il <strong>Premio Internazionale Artetremila<\/strong>\u00a0 (Per la pittura)\u00a0 all&#8217;artista Eva <span class=\"_5yl5\">SHUNK. Il 15 Luglio 2016 la commissione ha cos\u00ec motivato l&#8217;attribuzione dell&#8217;ambito titolo: <span style=\"color: #000000;\"><em>Eva Shunk <\/em><\/span><\/span><span style=\"color: #000000;\"><em>ha dimostrato con la sua produzione artistica\u00a0 di possedere doti\u00a0 non comuni. Alcune sue opere ,fantastiche ,\u00a0 provocano illusioni ed evocazioni dati da un sapiente accostamento di materiali e colori.<\/em><\/span><\/p>\n<p><!--more--><\/p>\n<p style=\"text-align: center;\"><strong>Alcune opere dell&#8217;artista.<\/strong><\/p>\n<p><a href=\"http:\/\/artetremila.it\/wordpress\/wp-content\/uploads\/2016\/07\/Esodo1.jpg\"><img decoding=\"async\" loading=\"lazy\" class=\"alignnone wp-image-3287\" src=\"http:\/\/artetremila.it\/wordpress\/wp-content\/uploads\/2016\/07\/Esodo1-300x225.jpg\" alt=\"Esodo1\" width=\"265\" height=\"199\" data-id=\"3287\" srcset=\"https:\/\/artetremila.it\/wordpress\/wp-content\/uploads\/2016\/07\/Esodo1-300x225.jpg 300w, https:\/\/artetremila.it\/wordpress\/wp-content\/uploads\/2016\/07\/Esodo1-768x576.jpg 768w, https:\/\/artetremila.it\/wordpress\/wp-content\/uploads\/2016\/07\/Esodo1-1024x768.jpg 1024w, https:\/\/artetremila.it\/wordpress\/wp-content\/uploads\/2016\/07\/Esodo1.jpg 1280w\" sizes=\"(max-width: 265px) 100vw, 265px\" \/><\/a>\u00a0\u00a0\u00a0\u00a0 <a href=\"http:\/\/artetremila.it\/wordpress\/wp-content\/uploads\/2016\/07\/Ladamaconlunicorno.jpg\"><img decoding=\"async\" loading=\"lazy\" class=\"alignnone wp-image-3286\" src=\"http:\/\/artetremila.it\/wordpress\/wp-content\/uploads\/2016\/07\/esodo-II-300x209.jpg\" alt=\"esodo II\" width=\"268\" height=\"186\" data-id=\"3286\" srcset=\"https:\/\/artetremila.it\/wordpress\/wp-content\/uploads\/2016\/07\/esodo-II-300x209.jpg 300w, https:\/\/artetremila.it\/wordpress\/wp-content\/uploads\/2016\/07\/esodo-II-768x534.jpg 768w, https:\/\/artetremila.it\/wordpress\/wp-content\/uploads\/2016\/07\/esodo-II-1024x712.jpg 1024w, https:\/\/artetremila.it\/wordpress\/wp-content\/uploads\/2016\/07\/esodo-II.jpg 1280w\" sizes=\"(max-width: 268px) 100vw, 268px\" \/> <\/a><\/p>\n<p>&nbsp;<\/p>\n<p><a href=\"http:\/\/artetremila.it\/wordpress\/wp-content\/uploads\/2016\/07\/Ladamaconlunicorno.jpg\"><img decoding=\"async\" loading=\"lazy\" class=\"alignnone size-medium wp-image-3289\" src=\"http:\/\/artetremila.it\/wordpress\/wp-content\/uploads\/2016\/07\/Ladamaconlunicorno-300x215.jpg\" alt=\"Ladamaconl'unicorno\" width=\"300\" height=\"215\" data-id=\"3289\" srcset=\"https:\/\/artetremila.it\/wordpress\/wp-content\/uploads\/2016\/07\/Ladamaconlunicorno-300x215.jpg 300w, https:\/\/artetremila.it\/wordpress\/wp-content\/uploads\/2016\/07\/Ladamaconlunicorno-768x551.jpg 768w, https:\/\/artetremila.it\/wordpress\/wp-content\/uploads\/2016\/07\/Ladamaconlunicorno-1024x735.jpg 1024w, https:\/\/artetremila.it\/wordpress\/wp-content\/uploads\/2016\/07\/Ladamaconlunicorno.jpg 1280w\" sizes=\"(max-width: 300px) 100vw, 300px\" \/><\/a><\/p>\n<p><em>Nata nel 1950 in un ridente paesino della lussureggiante Baviera, ove vi vive sino all&#8217;et\u00e0 di 26 anni, ultimando i suoi studi artistici presso l&#8217;accademia di moda sita in Monaco di Baviera, Meisterschule f\u00f9r Mode.<\/em><\/p>\n<p><em>Nel 1976 attratta dal clima e dall&#8217;arte italiana vi si trasferisce, iniziando qualche anno dopo il suo percorso artistico. Nel 1994 la sua prima mostra a Palestrina dove con successo espone i suoi quadri ispirati alla lussureggiante campagna romana. <\/em><\/p>\n<p><em>Il successo ricevuto la porta ad esporre in altre innumerevoli mostre, collettive e personali, sia in Italia che nella sua terra natale, la Germania. Nel 1997 in un momento in qui la sua vita subisce notevoli cambiamenti, per dare forma e colore ai suoi stati d&#8217;animo ed alle sue emozioni, usa dei personaggi ispirati a manichini che daranno vita ad innumerevoli tele, di cui molti privati si pregiano di possedere. Nel 1999 inizia a studiare le forme che la geometria le ispira , i triangoli la porteranno a scrutare, suggestive scene quotidiane di vita africana, sino a sfociare in un turbinio di sfere nel 2001, per poi completarne il percorso nel 2002, intrecciando quadrati, con cui ricama le sue colorate tele. Seguono innumerevoli nature morte, contraddistinte dalla purezza del colore ispirate dalla perfezione e dalla bellezza della natura che la circondano, prendendo a modello: paesaggi, fiori, oggetti estrapolati dalle sue varie collezioni e dagli ortaggi che con amore lei stessa coltiva, nutrendone il corpo e lo spirito. A tutt&#8217;oggi continua la sua ricerca dipingendo nel suo studio sito in: Lariano Roma.<\/em><\/p>\n<p><a href=\"http:\/\/artetremila.it\/wordpress\/wp-content\/uploads\/2016\/07\/Eva-SHUNK.jpg\"><img decoding=\"async\" loading=\"lazy\" class=\"alignnone size-medium wp-image-3297\" src=\"http:\/\/artetremila.it\/wordpress\/wp-content\/uploads\/2016\/07\/Eva-SHUNK-202x300.jpg\" alt=\"Eva SHUNK\" width=\"202\" height=\"300\" data-id=\"3297\" srcset=\"https:\/\/artetremila.it\/wordpress\/wp-content\/uploads\/2016\/07\/Eva-SHUNK-202x300.jpg 202w, https:\/\/artetremila.it\/wordpress\/wp-content\/uploads\/2016\/07\/Eva-SHUNK-768x1139.jpg 768w, https:\/\/artetremila.it\/wordpress\/wp-content\/uploads\/2016\/07\/Eva-SHUNK-691x1024.jpg 691w\" sizes=\"(max-width: 202px) 100vw, 202px\" \/><\/a><\/p>\n<div>\n<div>Maggiori informazioni sull&#8217;attivit\u00e0 di Eva Shunk:\u00a0 <a href=\"http:\/\/www.www-evashunk-com.it\/?utm_source=copy&amp;utm_medium=paste&amp;utm_campaign=copypaste&amp;utm_content=http%3A%2F%2Fwww.www-evashunk-com.it%2F\">http:\/\/www.www-evashunk-com.it\/<\/a><\/div>\n<div><\/div>\n<\/div>\n<div><strong>Il &#8220;Premio Internazionale Artetremila&#8221; si distinque dalla massa dei premi che vengono dati\u00a0 &#8220;a pioggia&#8221;\u00a0 in Italia perch\u00e8 viene conferito ad un massimo di cinque artisti ogni anno ed \u00e8 gratuito. L&#8217;Associazione Culturale Artetremila adempia cos\u00ec ad uno dei punti fondanti del sodalizio Artetremila: Individuazione e divulgazione di talenti nei vari campi dell&#8217;arte.<\/strong><\/div>\n<div><\/div>\n","protected":false},"excerpt":{"rendered":"<p>L&#8217;associazione Culturale Artetremila attribuisce per l&#8217;anno 2016 il Premio Internazionale Artetremila\u00a0 (Per la pittura)\u00a0 all&#8217;artista Eva SHUNK. Il 15 Luglio 2016 la commissione ha cos\u00ec motivato l&#8217;attribuzione dell&#8217;ambito titolo: Eva Shunk ha dimostrato con la sua produzione artistica\u00a0 di possedere doti\u00a0 non comuni. Alcune sue opere ,fantastiche ,\u00a0 provocano illusioni ed evocazioni dati da un sapiente accostamento di materiali e<\/p>\n","protected":false},"author":755,"featured_media":3293,"comment_status":"open","ping_status":"open","sticky":false,"template":"","format":"standard","meta":{"ngg_post_thumbnail":0},"categories":[24,27],"tags":[],"_links":{"self":[{"href":"https:\/\/artetremila.it\/wordpress\/wp-json\/wp\/v2\/posts\/3282"}],"collection":[{"href":"https:\/\/artetremila.it\/wordpress\/wp-json\/wp\/v2\/posts"}],"about":[{"href":"https:\/\/artetremila.it\/wordpress\/wp-json\/wp\/v2\/types\/post"}],"author":[{"embeddable":true,"href":"https:\/\/artetremila.it\/wordpress\/wp-json\/wp\/v2\/users\/755"}],"replies":[{"embeddable":true,"href":"https:\/\/artetremila.it\/wordpress\/wp-json\/wp\/v2\/comments?post=3282"}],"version-history":[{"count":12,"href":"https:\/\/artetremila.it\/wordpress\/wp-json\/wp\/v2\/posts\/3282\/revisions"}],"predecessor-version":[{"id":3299,"href":"https:\/\/artetremila.it\/wordpress\/wp-json\/wp\/v2\/posts\/3282\/revisions\/3299"}],"wp:featuredmedia":[{"embeddable":true,"href":"https:\/\/artetremila.it\/wordpress\/wp-json\/wp\/v2\/media\/3293"}],"wp:attachment":[{"href":"https:\/\/artetremila.it\/wordpress\/wp-json\/wp\/v2\/media?parent=3282"}],"wp:term":[{"taxonomy":"category","embeddable":true,"href":"https:\/\/artetremila.it\/wordpress\/wp-json\/wp\/v2\/categories?post=3282"},{"taxonomy":"post_tag","embeddable":true,"href":"https:\/\/artetremila.it\/wordpress\/wp-json\/wp\/v2\/tags?post=3282"}],"curies":[{"name":"wp","href":"https:\/\/api.w.org\/{rel}","templated":true}]}}