{"id":3426,"date":"2016-11-08T08:22:17","date_gmt":"2016-11-08T08:22:17","guid":{"rendered":"http:\/\/artetremila.it\/wordpress\/?p=3426"},"modified":"2016-11-08T08:22:17","modified_gmt":"2016-11-08T08:22:17","slug":"opere-di-ugo-borgese-carmine-cecola-e-goffredo-godi-a-santantonio-dei-portoghesi","status":"publish","type":"post","link":"https:\/\/artetremila.it\/wordpress\/opere-di-ugo-borgese-carmine-cecola-e-goffredo-godi-a-santantonio-dei-portoghesi\/","title":{"rendered":"Opere di Ugo Borgese, Carmine Cecola e Goffredo Godi a Sant&#8217;Antonio dei Portoghesi"},"content":{"rendered":"<p>Opere di Ugo Borgese, Carmine Cecola e Goffredo Godi a Sant&#8217;Antonio dei Portoghesi<\/p>\n<p>Invito per l&#8217;inaugurazione, 11 novembre alle ore 18,30.<!--more--><\/p>\n<p>AMICI D\u2019ARTE<br \/>\nUgo Borgese \u2013 Carmine Cecola \u2013 Goffredo Godi<br \/>\na cura di Lorenzo Canova<\/p>\n<p><a href=\"http:\/\/artetremila.it\/wordpress\/wp-content\/uploads\/2016\/11\/amici1.jpg\"><img decoding=\"async\" loading=\"lazy\" class=\"alignnone wp-image-3428\" src=\"http:\/\/artetremila.it\/wordpress\/wp-content\/uploads\/2016\/11\/amici1-300x300.jpg\" alt=\"amici1\" width=\"196\" height=\"196\" data-id=\"3428\" srcset=\"https:\/\/artetremila.it\/wordpress\/wp-content\/uploads\/2016\/11\/amici1-300x300.jpg 300w, https:\/\/artetremila.it\/wordpress\/wp-content\/uploads\/2016\/11\/amici1-150x150.jpg 150w, https:\/\/artetremila.it\/wordpress\/wp-content\/uploads\/2016\/11\/amici1-90x90.jpg 90w, https:\/\/artetremila.it\/wordpress\/wp-content\/uploads\/2016\/11\/amici1-75x75.jpg 75w, https:\/\/artetremila.it\/wordpress\/wp-content\/uploads\/2016\/11\/amici1.jpg 400w\" sizes=\"(max-width: 196px) 100vw, 196px\" \/><\/a><\/p>\n<p>INAUGURAZIONE venerd\u00ec 11 novembre 2016, alle ore 18.30<\/p>\n<p>Istituto Portoghese di Sant&#8217;Antonio in Roma<br \/>\nVia dei Portoghesi, 6.<\/p>\n<p>La mostra rimarr\u00e0 aperta fino al 27 novembre 2016 da mercoled\u00ec a domenica, dalle 17.00 alle 20.00.<\/p>\n<p><a href=\"http:\/\/artetremila.it\/wordpress\/wp-content\/uploads\/2016\/11\/amici1.jpg\"><img decoding=\"async\" loading=\"lazy\" class=\"alignnone wp-image-3428\" src=\"http:\/\/artetremila.it\/wordpress\/wp-content\/uploads\/2016\/11\/amici1-300x300.jpg\" alt=\"amici1\" width=\"206\" height=\"206\" data-id=\"3428\" srcset=\"https:\/\/artetremila.it\/wordpress\/wp-content\/uploads\/2016\/11\/amici1-300x300.jpg 300w, https:\/\/artetremila.it\/wordpress\/wp-content\/uploads\/2016\/11\/amici1-150x150.jpg 150w, https:\/\/artetremila.it\/wordpress\/wp-content\/uploads\/2016\/11\/amici1-90x90.jpg 90w, https:\/\/artetremila.it\/wordpress\/wp-content\/uploads\/2016\/11\/amici1-75x75.jpg 75w, https:\/\/artetremila.it\/wordpress\/wp-content\/uploads\/2016\/11\/amici1.jpg 400w\" sizes=\"(max-width: 206px) 100vw, 206px\" \/><\/a><\/p>\n<p>La mostra intende ripercorrere il sodalizio umano e creativo di tre artisti legati da un comune sentimento di amicizia e da profonde affinit\u00e0 di visione: Ugo Borgese, Carmine Cecola e Goffredo Godi.<\/p>\n<p>I tre autori (pittori Borgese e Godi e scultore Cecola), infatti, sono stati molto amici durante la loro vita e sono stati tutti attivi con qualit\u00e0 e consapevolezza sul versante figurativo delle arti visive, mantenendo un saldo legame con la tradizione, rinnovato per\u00f2 attraverso soluzioni personali e innovative, modellando e dipingendo a diretto confronto con le infinite suggestioni della realt\u00e0.<\/p>\n<p>La mostra vuole mettere cos\u00ec in evidenza la comunanza di intenti che ha fatto nascere il costante e intenso rapporto dei tre artisti con il paesaggio, con la natura e con il corpo umano, la loro ricerca solitaria ma condivisa di un nuovo modo di dare forma e presenza iconica alla propria rappresentazione del mondo.<\/p>\n<p>In questo senso, i tre amici hanno trovato un riferimento costante nella propria idea rigorosa dell\u2019opera, un campo dove il colore e la forma, lo spazio e la luce si trasformano costantemente grazie a un\u2019applicazione costante in cui la creazione \u00e8 frutto di una seriet\u00e0 silenziosa e di una maestria antica.<\/p>\n<p>La mostra presenta quindi un\u2019ampia selezione di opere dei tre artisti in un dialogo vitale e fecondo tra le opere a parete e quelle tridimensionali; una sezione di lavori su carta mostra invece il comune impegno dei tre autori nel campo del disegno visto non solo come momento di studio e di riflessione, ma anche come campo espressivo autonomo dove la linea, il chiaroscuro e il colore si declinano in modi paralleli rispetto alla pittura e alla scultura.<\/p>\n<p>In occasione della mostra \u00e8 stampato un catalogo a colori che riproduce le opere esposte accompagnate da un saggio critico del curatore, Lorenzo Canova, professore associato di Storia dell\u2019Arte Contemporanea all\u2019Universit\u00e0 del Molise, e dalle note biografiche dei tre artisti.<\/p>\n<p>AMICI D&#8217;ARTE: Ugo Borgese, Carmine Cecola e Goffredo Godi<\/p>\n<p>Date: dal 11-11-2016 al 27-11-2016<br \/>\nOrario: da mercoled\u00ec a domenica ore 17 &#8211; 20<br \/>\nCatalogo: in galleria. a cura di Lorenzo Canova<br \/>\nCuratore: Lorenzo Canova<br \/>\nPatrocini: Istituto Portoghese di Santo Antonio in Roma<br \/>\nAmbasciata del Portogallo presso la Santa Sede<\/p>\n<p>Luogo: Galleria IPSAR &#8211; Roma, Via dei Portoghesi, 6<\/p>\n<p>Per informazioni:<br \/>\n(+39)06 88 80 771<br \/>\nappuntamenti@ipsar.org<\/p>\n<p>Sito internet:<br \/>\nhttp:\/\/www.ipsar.org\/<br \/>\nhttp:\/\/viadeiportoghesi.blogspot.it\/2016\/10\/conferenza-mostra-magusto-e-tanta.html<\/p>\n<p>Catalogo: http:\/\/www.goffredogodi.it\/Amici_d&#8217;Arte-ISPAR.pdf<\/p>\n<p><a href=\"http:\/\/artetremila.it\/wordpress\/wp-content\/uploads\/2016\/11\/ub.png\"><img decoding=\"async\" loading=\"lazy\" class=\"alignnone wp-image-3431\" src=\"http:\/\/artetremila.it\/wordpress\/wp-content\/uploads\/2016\/11\/ub-211x300.png\" alt=\"ub\" width=\"151\" height=\"215\" data-id=\"3431\" srcset=\"https:\/\/artetremila.it\/wordpress\/wp-content\/uploads\/2016\/11\/ub-211x300.png 211w, https:\/\/artetremila.it\/wordpress\/wp-content\/uploads\/2016\/11\/ub.png 225w\" sizes=\"(max-width: 151px) 100vw, 151px\" \/><\/a><\/p>\n<p>Ugo Borgese<br \/>\nPolistena (RC) 1931 \u2013 Roma 1984<\/p>\n<p>Ha iniziato a dipingere all\u2019et\u00e0 di 13 anni sotto la guida del pittore Antonio Cannata. A 14 anni \u00e8 partito per Roma dove si \u00e8 iscritto all\u2019Accademia di Belle Arti, nella cattedra tenuta da Amerigo Bartoli, dove dopo il diploma ha iniziato a insegnare come assistente di anatomia con il professor Barreca, per poi diventare titolare di cattedra dopo pochi anni. Nel 1966 ha iniziato ad insegnare Figura Disegnata in vari licei artistici, fino ad arrivare a quello di via Ripetta dove \u00e8 rimasto fino alla morte.<br \/>\nParallelamente all\u2019attivit\u00e0 didattica, ancora studente, ha realizzato fra l\u2019altro l\u2019abside della Chiesa Matrice di Polistena. Durante la propria carriera artistica, ha esposto in numerose gallerie pubbliche e private, fra le quali Palazzo Barberini (Mostra delle Forze Armate), dove la sua opera \u201cIl guado\u201d ha vinto la medaglia d\u2019oro, Castello di Murcia (I Mostra di Pittura \u201cValle Murcia\u201d), XV Mostra Nazionale d\u2019Arte Sacra a Perugia, Quadriennale Nazionale d\u2019Arte di Perugia, Concorso Nazionale di Pittura Premio Ramazzotti, nel quale \u00e8 risultato vincitore del I premio, e molte altre. Sue opere si trovano inoltre in collezioni pubbliche e private di Roma, Napoli, Torino, Pinerolo, Reggio Emilia, Messina, Palermo, Milano, Catania, Reggio Calabria, Parigi, Londra, Guadalajara (Messico), New York, Boston. E\u2019 stato nominato socio dell\u2019Accademia Tiberina di Roma.<br \/>\nI suoi lavori, con il tempo, si sono sempre pi\u00f9 essenzializzati, esprimendo con pochi tratti e pennellate il concetto che lui aveva dell\u2019opera pittorica. Proseguendo la sua ricerca, inizi\u00f2 poi ad usare tempere \u201ca barattolo\u201d con grandi pennellate ed, usando colori ad olio, arrivando addirittura a spremere il colore direttamente sul compensato, togliendolo poi con una spatola, ottenendo risultati di assoluta sinteticit\u00e0<br \/>\nNel 1978, espone assieme ai pittori Carmine Cecola, Goffredo Godi e Gennaro Cuocolo presso la Galleria \u201cIl Canovaccio\u201d di Roma.<\/p>\n<p><a href=\"http:\/\/artetremila.it\/wordpress\/wp-content\/uploads\/2016\/11\/cc.png\"><img decoding=\"async\" loading=\"lazy\" class=\"alignnone wp-image-3433\" src=\"http:\/\/artetremila.it\/wordpress\/wp-content\/uploads\/2016\/11\/cc-203x300.png\" alt=\"cc\" width=\"178\" height=\"263\" data-id=\"3433\" srcset=\"https:\/\/artetremila.it\/wordpress\/wp-content\/uploads\/2016\/11\/cc-203x300.png 203w, https:\/\/artetremila.it\/wordpress\/wp-content\/uploads\/2016\/11\/cc.png 216w\" sizes=\"(max-width: 178px) 100vw, 178px\" \/><\/a><\/p>\n<p>Carmine Cecola<br \/>\nMonteroduni (IS) 1923 \u2013 Roma 2001<\/p>\n<p>Carmine Cecola ha studiato all\u2019Istituto d\u2019Arte (sezione scultura) e all\u2019Accademia di Belle Arti di Napoli (sezione scultura), allievo di Alessandro Monteleone e di Giovanni Amoroso, al quale fu legato da una lunga e profonda amicizia. Vincitore della borsa di studio negli aa. 1947-48, 1948-49, 1949-1950. Ha ottenuto il Premio Scultura alla Mostra dell\u2019Accademia nell\u2019anno 1949-\u201950 ed \u00e8 stato assistente alla Cattedra di Scultura del suo Maestro Monteleone. Nel 1955 ha iniziato ad insegnare Plastica all\u2019Istituto d\u2019Arte di Napoli, dove \u00e8 rimasto fino al 1962, quando ha vinto il concorso per la Cattedra di Figura Modellata al Liceo Artistico della medesima citt\u00e0. In seguito ha insegnato al Liceo Artistico di Massa Carrara, dove ha avuto la Cattedra di Figura Modellata. Nel 1967 \u00e8 stato inviato dal Ministero della Pubblica Istruzione ad istituire l\u2019Accademia di Belle Arti di Reggio Calabria, dove ha insegnato scultura. Successivamente ha vissuto a lungo a Roma, insegnando Figura Modellata al I Liceo Artistico di Via Ripetta, fino al 1989. Autore di sculture in legno, gesso, marmo, cera, bronzo, il suo repertorio spazia dal figurativo all\u2019astratto. L\u2019artista ha partecipato a numerose esposizioni collettive e personali ed \u00e8 stato pi\u00f9 volte premiato. Le sue opere sono esposte in collezioni pubbliche e private in Italia ed all\u2019estero.<\/p>\n<p><a href=\"http:\/\/artetremila.it\/wordpress\/wp-content\/uploads\/2016\/11\/gg.png\"><img decoding=\"async\" loading=\"lazy\" class=\"alignnone wp-image-3434\" src=\"http:\/\/artetremila.it\/wordpress\/wp-content\/uploads\/2016\/11\/gg-209x300.png\" alt=\"gg\" width=\"167\" height=\"240\" data-id=\"3434\" srcset=\"https:\/\/artetremila.it\/wordpress\/wp-content\/uploads\/2016\/11\/gg-209x300.png 209w, https:\/\/artetremila.it\/wordpress\/wp-content\/uploads\/2016\/11\/gg.png 223w\" sizes=\"(max-width: 167px) 100vw, 167px\" \/><\/a><\/p>\n<p>Goffredo Godi<br \/>\nOmignano (SA) 1920 \u2013 Roma 2013<\/p>\n<p>Formatosi nell&#8217;orizzonte vesuviano tra Ercolano e Napoli, Goffredo Godi ebbe per maestro Giuseppe Palomba uno degli allievi prediletti di Cammarano. Frequentato il corso di pittura di Emilio Notte, strinse amicizia soprattutto con un compagno: Armando De Stefano. Si diplom\u00f2 all&#8217;Accademia delle Belle Arti di Napoli. Fu assistente di Domenico Spinosa. Ha insegnato discipline pittoriche nei Licei Artistici di Napoli e di Roma. Ha fatto parte dell&#8217;Accademia Fiorentina delle Arti del Disegno. Ha allestito una ventina di mostre personali in numerose citt\u00e0 e ha esposto in importanti rassegne nazionali, tra le quali la Quadriennale di Roma. Nella sua pittura c&#8217;\u00e8 un brevissimo, giovanile entusiasmo per gli esponenti del Secondo Futurismo, che gli deriv\u00f2 da un&#8217;esposizione viaggiante giunta nel &#8217;37 fino ad Ercolano. E c&#8217;\u00e8 una discreta sperimentazione astratta nella met\u00e0 degli anni Settanta. Ma in realt\u00e0 non si distacc\u00f2 mai da quella che, nella variet\u00e0 delle manifestazioni, \u00e8 sempre stata la sua fonte di ispirazione: la natura.<\/p>\n","protected":false},"excerpt":{"rendered":"<p>Opere di Ugo Borgese, Carmine Cecola e Goffredo Godi a Sant&#8217;Antonio dei Portoghesi Invito per l&#8217;inaugurazione, 11 novembre alle ore 18,30.<\/p>\n","protected":false},"author":3,"featured_media":3436,"comment_status":"open","ping_status":"open","sticky":false,"template":"","format":"standard","meta":{"ngg_post_thumbnail":0},"categories":[19],"tags":[],"_links":{"self":[{"href":"https:\/\/artetremila.it\/wordpress\/wp-json\/wp\/v2\/posts\/3426"}],"collection":[{"href":"https:\/\/artetremila.it\/wordpress\/wp-json\/wp\/v2\/posts"}],"about":[{"href":"https:\/\/artetremila.it\/wordpress\/wp-json\/wp\/v2\/types\/post"}],"author":[{"embeddable":true,"href":"https:\/\/artetremila.it\/wordpress\/wp-json\/wp\/v2\/users\/3"}],"replies":[{"embeddable":true,"href":"https:\/\/artetremila.it\/wordpress\/wp-json\/wp\/v2\/comments?post=3426"}],"version-history":[{"count":5,"href":"https:\/\/artetremila.it\/wordpress\/wp-json\/wp\/v2\/posts\/3426\/revisions"}],"predecessor-version":[{"id":3437,"href":"https:\/\/artetremila.it\/wordpress\/wp-json\/wp\/v2\/posts\/3426\/revisions\/3437"}],"wp:featuredmedia":[{"embeddable":true,"href":"https:\/\/artetremila.it\/wordpress\/wp-json\/wp\/v2\/media\/3436"}],"wp:attachment":[{"href":"https:\/\/artetremila.it\/wordpress\/wp-json\/wp\/v2\/media?parent=3426"}],"wp:term":[{"taxonomy":"category","embeddable":true,"href":"https:\/\/artetremila.it\/wordpress\/wp-json\/wp\/v2\/categories?post=3426"},{"taxonomy":"post_tag","embeddable":true,"href":"https:\/\/artetremila.it\/wordpress\/wp-json\/wp\/v2\/tags?post=3426"}],"curies":[{"name":"wp","href":"https:\/\/api.w.org\/{rel}","templated":true}]}}