{"id":3624,"date":"2017-07-07T07:46:29","date_gmt":"2017-07-07T07:46:29","guid":{"rendered":"http:\/\/artetremila.it\/wordpress\/?p=3624"},"modified":"2017-08-09T07:14:59","modified_gmt":"2017-08-09T07:14:59","slug":"in-arrivo-le-margherite-del-giardino-dinverno-romanzo","status":"publish","type":"post","link":"https:\/\/artetremila.it\/wordpress\/in-arrivo-le-margherite-del-giardino-dinverno-romanzo\/","title":{"rendered":"Le margherite del giardino d&#8217;inverno &#8211; Romanzo"},"content":{"rendered":"<p style=\"text-align: justify;\">Un nuovo lavoro di Giulio\u00a0 BONA&#8217; (Giulio Buonanno) pubblicato da Bibliotheka Edizioni Roma.<\/p>\n<p style=\"text-align: left;\"><strong>Le margherite del giardino d&#8217;inverno <\/strong>(Romanzo Giallo)<\/p>\n<p style=\"text-align: left;\">Ilo libro \u00e8 disponibile anche nella versione <strong>eBook<\/strong> oltre al cartaceo.<\/p>\n<p><a href=\"http:\/\/www.bibliotheka.it\/Le_margherite_del_giardino_dinverno_IT\">http:\/\/www.bibliotheka.it\/Le_margherite_del_giardino_dinverno_IT<\/a><\/p>\n<p style=\"text-align: left;\"><!--more--><\/p>\n<p><a href=\"http:\/\/artetremila.it\/wordpress\/wp-content\/uploads\/2017\/07\/LeMargherite_delGiardino_dinvernofronte_01.jpg\"><img decoding=\"async\" loading=\"lazy\" class=\"alignnone size-medium wp-image-3628\" src=\"http:\/\/artetremila.it\/wordpress\/wp-content\/uploads\/2017\/07\/LeMargherite_delGiardino_dinvernofronte_01-188x300.jpg\" alt=\"\" width=\"188\" height=\"300\" data-id=\"3628\" srcset=\"https:\/\/artetremila.it\/wordpress\/wp-content\/uploads\/2017\/07\/LeMargherite_delGiardino_dinvernofronte_01-188x300.jpg 188w, https:\/\/artetremila.it\/wordpress\/wp-content\/uploads\/2017\/07\/LeMargherite_delGiardino_dinvernofronte_01-768x1223.jpg 768w, https:\/\/artetremila.it\/wordpress\/wp-content\/uploads\/2017\/07\/LeMargherite_delGiardino_dinvernofronte_01-643x1024.jpg 643w, https:\/\/artetremila.it\/wordpress\/wp-content\/uploads\/2017\/07\/LeMargherite_delGiardino_dinvernofronte_01.jpg 1382w\" sizes=\"(max-width: 188px) 100vw, 188px\" \/><\/a><\/p>\n<div style=\"width: 454px;\" class=\"wp-video\"><!--[if lt IE 9]><script>document.createElement('video');<\/script><![endif]-->\n<video class=\"wp-video-shortcode\" id=\"video-3624-1\" width=\"454\" height=\"280\" preload=\"metadata\" controls=\"controls\"><source type=\"video\/mp4\" src=\"http:\/\/giuliobuonanno.altervista.org\/blog\/wp-content\/uploads\/2016\/09\/Lemargherite2.mp4?_=1\" \/><a href=\"http:\/\/giuliobuonanno.altervista.org\/blog\/wp-content\/uploads\/2016\/09\/Lemargherite2.mp4\">http:\/\/giuliobuonanno.altervista.org\/blog\/wp-content\/uploads\/2016\/09\/Lemargherite2.mp4<\/a><\/video><\/div>\n<p style=\"text-align: justify;\">Giuliana Hanson, ispettrice di polizia e protagonista di altre pubblicazioni dell&#8217;autore, dovr\u00e0 risolvere un caso anomalo di criminalit\u00e0. Personaggi che si dichiarano artisti, ma dalla personalit\u00e0 disturbata, e che gravitano in quel mondo che dovrebbe divulgare bellezza e cultura, commettono atroci delitti spinti da una ossessione particolare. <strong>Questo racconto, adatto a un pubblico adulto,<\/strong> pu\u00f2 risultare eccessivo, ma la realt\u00e0 insegna che la fantasia pu\u00f2 essere superata e di molto.<\/p>\n<p style=\"text-align: justify;\"><strong> Cos\u00ec lautore<\/strong>: Cercando spunti per nuove storie ho letto di una donna, ossessionata dal voler possedere un figlio, cos\u00ec con l\u2019inganno, d\u00e0 un appuntamento ad un\u2019altra donna la quale era al settimo mese di gravidanza. Le apre il ventre portandosi il nascituro via. Questa storia \u00e8 drammaticamente vera ed \u00e8 accaduta negli USA. Ci\u00f2 ci mostra di cosa pu\u00f2 essere capace una mente ossessionata e deviata. L\u2019essere umano sembra non aver limite nelle perversioni. Nonostante sia un essere dotato di intelligenza spesso uccide spinto da ossessioni che non sa dominare o per puro divertimento. Contrariamente alle altre specie che popolano la terra e che uccidono solo per sfamarsi, difendere la prole e il loro territorio.<\/p>\n<p>&nbsp;<\/p>\n<p>&nbsp;<\/p>\n","protected":false},"excerpt":{"rendered":"<p>Un nuovo lavoro di Giulio\u00a0 BONA&#8217; (Giulio Buonanno) pubblicato da Bibliotheka Edizioni Roma. Le margherite del giardino d&#8217;inverno (Romanzo Giallo) Ilo libro \u00e8 disponibile anche nella versione eBook oltre al cartaceo. http:\/\/www.bibliotheka.it\/Le_margherite_del_giardino_dinverno_IT<\/p>\n","protected":false},"author":3,"featured_media":3628,"comment_status":"open","ping_status":"open","sticky":false,"template":"","format":"standard","meta":{"ngg_post_thumbnail":0},"categories":[4,16],"tags":[],"_links":{"self":[{"href":"https:\/\/artetremila.it\/wordpress\/wp-json\/wp\/v2\/posts\/3624"}],"collection":[{"href":"https:\/\/artetremila.it\/wordpress\/wp-json\/wp\/v2\/posts"}],"about":[{"href":"https:\/\/artetremila.it\/wordpress\/wp-json\/wp\/v2\/types\/post"}],"author":[{"embeddable":true,"href":"https:\/\/artetremila.it\/wordpress\/wp-json\/wp\/v2\/users\/3"}],"replies":[{"embeddable":true,"href":"https:\/\/artetremila.it\/wordpress\/wp-json\/wp\/v2\/comments?post=3624"}],"version-history":[{"count":6,"href":"https:\/\/artetremila.it\/wordpress\/wp-json\/wp\/v2\/posts\/3624\/revisions"}],"predecessor-version":[{"id":3627,"href":"https:\/\/artetremila.it\/wordpress\/wp-json\/wp\/v2\/posts\/3624\/revisions\/3627"}],"wp:featuredmedia":[{"embeddable":true,"href":"https:\/\/artetremila.it\/wordpress\/wp-json\/wp\/v2\/media\/3628"}],"wp:attachment":[{"href":"https:\/\/artetremila.it\/wordpress\/wp-json\/wp\/v2\/media?parent=3624"}],"wp:term":[{"taxonomy":"category","embeddable":true,"href":"https:\/\/artetremila.it\/wordpress\/wp-json\/wp\/v2\/categories?post=3624"},{"taxonomy":"post_tag","embeddable":true,"href":"https:\/\/artetremila.it\/wordpress\/wp-json\/wp\/v2\/tags?post=3624"}],"curies":[{"name":"wp","href":"https:\/\/api.w.org\/{rel}","templated":true}]}}