{"id":3815,"date":"2020-06-23T08:03:44","date_gmt":"2020-06-23T08:03:44","guid":{"rendered":"https:\/\/artetremila.it\/wordpress\/?p=3815"},"modified":"2020-06-23T08:03:44","modified_gmt":"2020-06-23T08:03:44","slug":"white-carrara-downtown","status":"publish","type":"post","link":"https:\/\/artetremila.it\/wordpress\/white-carrara-downtown\/","title":{"rendered":"White Carrara Downtown"},"content":{"rendered":"<p><strong>Eventi: le 10 uni#citt\u00e0 di Carrara in 10 cubi di marmo,<\/strong><\/p>\n<p><strong>il contest artistico di White Carrara Downtown diventa performance social per Ma.R.Mo 2020<\/strong><\/p>\n<p>E\u2019 una delle iniziative del festival diffuso dedicato al marmo&nbsp;in programma dal 18 al 26 luglio nel centro storico di Carrara.<!--more--><\/p>\n<p><strong>L\u2019installazione artistica si fa performance social<\/strong>. Le <strong>10 uni#citt\u00e0 di Carrara<\/strong> comunicate al mondo con il linguaggio del\u2026marmo. 10 artisti, selezionati attraverso uno speciale bando promosso nell\u2019ambito della quarta edizione di <strong>White Carrara Downtown (18 \u2013 26 luglio 2020)<\/strong>, saranno chiamati a far emergere utilizzando qualsiasi tecnica, dalla scultura alla pittura, dall\u2019incisione alle decorazioni, sulla \u201ctela\u201d bianca di altrettanti cubi di marmo una delle virt\u00f9 della citt\u00e0 di Carrara. Ogni cubo rappresenter\u00e0 una delle uni#citt\u00e0 (qualit\u00e0) della capitale mondiale del marmo. Il nuovo contest artistico promosso da Imm Carrara FiereSpa e dal Comune di Carrara sar\u00e0 una delle principali performance della fiera \u201cMa.R.Mo. 2020\u201d in programma a settembre ma il suo battesimo sar\u00e0 per\u00f2 legato alla prossima edizione di White Carrara Downtown.<\/p>\n<p><img decoding=\"async\" loading=\"lazy\" class=\"alignnone size-medium wp-image-3816\" src=\"https:\/\/artetremila.it\/wordpress\/wp-content\/uploads\/2020\/06\/carrara-300x225.jpg\" alt=\"\" data-id=\"3816\" width=\"300\" height=\"225\" srcset=\"https:\/\/artetremila.it\/wordpress\/wp-content\/uploads\/2020\/06\/carrara-300x225.jpg 300w, https:\/\/artetremila.it\/wordpress\/wp-content\/uploads\/2020\/06\/carrara-1024x768.jpg 1024w, https:\/\/artetremila.it\/wordpress\/wp-content\/uploads\/2020\/06\/carrara-768x576.jpg 768w, https:\/\/artetremila.it\/wordpress\/wp-content\/uploads\/2020\/06\/carrara.jpg 1200w\" sizes=\"(max-width: 300px) 100vw, 300px\" \/><\/p>\n<p>Uni#citt\u00e0, iniziativa nata da un progetto di Emma Cast\u00e8 che lo scorso anno aveva ideato per White Carrara Downtown la performance Re-Velare, sar\u00e0 l\u2019insolito fil blanc che unir\u00e0 il Festival diffuso in agenda dal 18 al 26 luglio a Ma.R.Mo. 2020, l\u2019evento business in programma a settembre. Ogni singolo cubo andr\u00e0 a contaminare lo spazio della fiera-evento formando una sorta di grande cubo di Rubik da cui partir\u00e0 un volo simultaneo di palloncini bianchi. I cubi (50 x 50) saranno messi a disposizione da MarmiCarrara. \u201cVogliamo comunicare il marmo, la sua unicit\u00e0 che diventa l\u2019uni#citt\u00e0 di Carrara \u2013 spiega la creativa <strong>Emma Cast\u00e8<\/strong> \u2013 mediante un linguaggio nuovo, efficace ed immediato. L\u2019installazione, che apparentemente \u00e8 statica, quasi congelata, \u00e8 in realt\u00e0 in movimento come lo \u00e8 la materia marmo. Da un blocco di bianco marmo pu\u00f2 nascere qualsiasi soggetto, oggetto, pensiero, messaggio. Carrara ha tante virt\u00f9 che chiederemo a dieci artisti di aiutarci a comunicare al mondo. La singolarit\u00e0 dell\u2019installazione \u00e8 la sua predisposizione social. Anche il marmo ha bisogno di sfruttare di pi\u00f9, e meglio, questi strumenti ma deve farlo con creativit\u00e0. Ringrazio la Imm per avermi ancora dato la possibilit\u00e0 di poter portare all\u2019evento, a Carrara, le mie idee e l\u2019amore per la mia citt\u00e0\u201d.&nbsp;<\/p>\n<p>Il bando sar\u00e0 pubblicato sul sito <a href=\"http:\/\/www.whitecarraradowntown.it\/\">www.whitecarraradowntown.it<\/a> e nella relativa pagina Facebook. La richiesta di partecipazione dovr\u00e0 essere corredata da breve relazione, titolo, foto, descrizione o bozzetto, breve curriculae dell\u2019artista e dovr\u00e0 essere inviata all\u2019ente organizzatore entro le ore 12.00 del 12 luglio per via telematica scrivendo a <a href=\"mailto:emmacaste@libero.it\">emmacaste@libero.it<\/a> riportando nell\u2019oggetto #uni#citt\u00e0.&nbsp; I nomi degli artisti scelti saranno comunicati durante un evento dedicato a White Carrara Downtown.&nbsp;<\/p>\n<p>Info, notizie e aggiornamenti su:<\/p>\n<p>sito web <a href=\"http:\/\/www.whitecarraradowntown.it\/\">www.whitecarraradowntown.it<\/a><\/p>\n<p>facebook\/instagram&nbsp; @whitecarraradowntown<\/p>\n","protected":false},"excerpt":{"rendered":"<p>Eventi: le 10 uni#citt\u00e0 di Carrara in 10 cubi di marmo, il contest artistico di White Carrara Downtown diventa performance social per Ma.R.Mo 2020 E\u2019 una delle iniziative del festival diffuso dedicato al marmo&nbsp;in programma dal 18 al 26 luglio nel centro storico di Carrara.<\/p>\n","protected":false},"author":2,"featured_media":3816,"comment_status":"open","ping_status":"open","sticky":false,"template":"","format":"standard","meta":{"ngg_post_thumbnail":0},"categories":[19,24,35],"tags":[],"_links":{"self":[{"href":"https:\/\/artetremila.it\/wordpress\/wp-json\/wp\/v2\/posts\/3815"}],"collection":[{"href":"https:\/\/artetremila.it\/wordpress\/wp-json\/wp\/v2\/posts"}],"about":[{"href":"https:\/\/artetremila.it\/wordpress\/wp-json\/wp\/v2\/types\/post"}],"author":[{"embeddable":true,"href":"https:\/\/artetremila.it\/wordpress\/wp-json\/wp\/v2\/users\/2"}],"replies":[{"embeddable":true,"href":"https:\/\/artetremila.it\/wordpress\/wp-json\/wp\/v2\/comments?post=3815"}],"version-history":[{"count":1,"href":"https:\/\/artetremila.it\/wordpress\/wp-json\/wp\/v2\/posts\/3815\/revisions"}],"predecessor-version":[{"id":3817,"href":"https:\/\/artetremila.it\/wordpress\/wp-json\/wp\/v2\/posts\/3815\/revisions\/3817"}],"wp:featuredmedia":[{"embeddable":true,"href":"https:\/\/artetremila.it\/wordpress\/wp-json\/wp\/v2\/media\/3816"}],"wp:attachment":[{"href":"https:\/\/artetremila.it\/wordpress\/wp-json\/wp\/v2\/media?parent=3815"}],"wp:term":[{"taxonomy":"category","embeddable":true,"href":"https:\/\/artetremila.it\/wordpress\/wp-json\/wp\/v2\/categories?post=3815"},{"taxonomy":"post_tag","embeddable":true,"href":"https:\/\/artetremila.it\/wordpress\/wp-json\/wp\/v2\/tags?post=3815"}],"curies":[{"name":"wp","href":"https:\/\/api.w.org\/{rel}","templated":true}]}}